{"id":208055,"date":"2015-02-26T00:08:27","date_gmt":"2015-02-26T06:08:27","guid":{"rendered":"http:\/\/www.diarioimagen.net\/?p=208055"},"modified":"2015-02-26T05:44:08","modified_gmt":"2015-02-26T11:44:08","slug":"fomentan-en-naucalpan-las-actividades-culturales","status":"publish","type":"post","link":"https:\/\/www.diarioimagen.net\/?p=208055","title":{"rendered":"Fomentan en Naucalpan las actividades culturales"},"content":{"rendered":"<ul>\n<li><strong><em>Preparan el Primer Festival de Jazz y Blues<\/em><\/strong><\/li>\n<\/ul>\n<div id=\"attachment_208086\" style=\"width: 250px\" class=\"wp-caption alignleft\"><a href=\"http:\/\/www.diarioimagen.net\/?attachment_id=208086\" rel=\"attachment wp-att-208086\"><img loading=\"lazy\" decoding=\"async\" aria-describedby=\"caption-attachment-208086\" class=\"size-medium wp-image-208086\" src=\"http:\/\/www.diarioimagen.net\/wp-content\/uploads\/2015\/02\/NAUCALPAN-2558-240x135.jpg\" alt=\"La Plaza Estado de M\u00e9xico, ubicada en el centro del parque Naucalli, se convertir\u00e1 en escenario de las propuestas musicales.\" width=\"240\" height=\"135\" srcset=\"https:\/\/www.diarioimagen.net\/wp-content\/uploads\/2015\/02\/NAUCALPAN-2558-240x135.jpg 240w, https:\/\/www.diarioimagen.net\/wp-content\/uploads\/2015\/02\/NAUCALPAN-2558-420x236.jpg 420w, https:\/\/www.diarioimagen.net\/wp-content\/uploads\/2015\/02\/NAUCALPAN-2558.jpg 480w, https:\/\/www.diarioimagen.net\/wp-content\/uploads\/2015\/02\/NAUCALPAN-2558-235x132.jpg 235w, https:\/\/www.diarioimagen.net\/wp-content\/uploads\/2015\/02\/NAUCALPAN-2558-202x114.jpg 202w, https:\/\/www.diarioimagen.net\/wp-content\/uploads\/2015\/02\/NAUCALPAN-2558-350x196.jpg 350w, https:\/\/www.diarioimagen.net\/wp-content\/uploads\/2015\/02\/NAUCALPAN-2558-220x123.jpg 220w, https:\/\/www.diarioimagen.net\/wp-content\/uploads\/2015\/02\/NAUCALPAN-2558-237x132.jpg 237w\" sizes=\"auto, (max-width: 240px) 100vw, 240px\" \/><\/a><p id=\"caption-attachment-208086\" class=\"wp-caption-text\">La Plaza Estado de M\u00e9xico, ubicada en el centro del parque Naucalli, se convertir\u00e1 en escenario de las propuestas musicales.<\/p><\/div>\n<p><strong>Naucalpan, Estado de M\u00e9xico<\/strong>.- Como parte de los esfuerzos por promover actividades culturales de calidad y gratuitas para los naucalpenses y visitantes del emblem\u00e1tico Parque Naucalli, el gobierno municipal alista el Primer Festival de Jazz y Blues de la localidad.<\/p>\n<p>Ser\u00e1n los s\u00e1bados y domingos del 28 de febrero y hasta el 29 de marzo que la reci\u00e9n construida, Plaza Estado de M\u00e9xico, ubicada en el centro del parque y realizada por el gobierno mexiquense se convertir\u00e1 en escenario de las propuestas musicales que m\u00fasicos traen a la localidad.<\/p>\n<p>Jessica Valencia Gonz\u00e1lez, directora del Parque Naucalli, agreg\u00f3 que durante la Administraci\u00f3n 2013-2015 se ha remodelado la pista de patinaje y la de corredores; se realiz\u00f3 la rehabilitaci\u00f3n del Centro de Exposiciones, Ferias y Eventos (CEFE) y el Foro Felipe Villanueva; adem\u00e1s de la remodelaci\u00f3n de ba\u00f1os, pintura de la barda perimetral, reforestaci\u00f3n masiva y colocaci\u00f3n de juegos.<\/p>\n<p>\u201cHa sido gracias al compromiso del gobierno municipal que hemos podido rehabilitar este lugar en sus muy diferentes espacios, con el \u00fanico fin de brindar a los visitantes, locales y for\u00e1neos un lugar m\u00e1s digno donde divertirse y convivir en familia\u201d, se\u00f1al\u00f3.<\/p>\n<p>Para la inauguraci\u00f3n el pr\u00f3ximo 28 de febrero a partir de las 13:00 y hasta las15:00 horas, se tiene preparada una presentaci\u00f3n especial del grupo \u201cRa\u00edces del Bl\u00faes\u201d, donde los mel\u00f3manos podr\u00e1n disfrutar de un viaje por las diferentes etapas de este ritmo peculiar.<\/p>\n","protected":false},"excerpt":{"rendered":"<p>Como parte de los esfuerzos por promover actividades culturales de calidad y gratuitas para los naucalpenses y visitantes del emblem\u00e1tico Parque Naucalli, el gobierno municipal alista el Primer Festival de Jazz y Blues de la localidad.<\/p>\n","protected":false},"author":3,"featured_media":208086,"comment_status":"open","ping_status":"open","sticky":false,"template":"","format":"standard","meta":{"_monsterinsights_skip_tracking":false,"_monsterinsights_sitenote_active":false,"_monsterinsights_sitenote_note":"","_monsterinsights_sitenote_category":0,"footnotes":""},"categories":[5],"tags":[7949,43675,3750,970,36117],"class_list":["post-208055","post","type-post","status-publish","format-standard","has-post-thumbnail","hentry","category-estado-de-mexico","tag-blues","tag-estado-de-mexico","tag-jazz","tag-naucalpan","tag-parque-naucalli"],"_links":{"self":[{"href":"https:\/\/www.diarioimagen.net\/index.php?rest_route=\/wp\/v2\/posts\/208055","targetHints":{"allow":["GET"]}}],"collection":[{"href":"https:\/\/www.diarioimagen.net\/index.php?rest_route=\/wp\/v2\/posts"}],"about":[{"href":"https:\/\/www.diarioimagen.net\/index.php?rest_route=\/wp\/v2\/types\/post"}],"author":[{"embeddable":true,"href":"https:\/\/www.diarioimagen.net\/index.php?rest_route=\/wp\/v2\/users\/3"}],"replies":[{"embeddable":true,"href":"https:\/\/www.diarioimagen.net\/index.php?rest_route=%2Fwp%2Fv2%2Fcomments&post=208055"}],"version-history":[{"count":0,"href":"https:\/\/www.diarioimagen.net\/index.php?rest_route=\/wp\/v2\/posts\/208055\/revisions"}],"wp:featuredmedia":[{"embeddable":true,"href":"https:\/\/www.diarioimagen.net\/index.php?rest_route=\/wp\/v2\/media\/208086"}],"wp:attachment":[{"href":"https:\/\/www.diarioimagen.net\/index.php?rest_route=%2Fwp%2Fv2%2Fmedia&parent=208055"}],"wp:term":[{"taxonomy":"category","embeddable":true,"href":"https:\/\/www.diarioimagen.net\/index.php?rest_route=%2Fwp%2Fv2%2Fcategories&post=208055"},{"taxonomy":"post_tag","embeddable":true,"href":"https:\/\/www.diarioimagen.net\/index.php?rest_route=%2Fwp%2Fv2%2Ftags&post=208055"}],"curies":[{"name":"wp","href":"https:\/\/api.w.org\/{rel}","templated":true}]}}