{"id":208145,"date":"2015-02-27T00:05:32","date_gmt":"2015-02-27T06:05:32","guid":{"rendered":"http:\/\/www.diarioimagen.net\/?p=208145"},"modified":"2015-03-02T05:41:58","modified_gmt":"2015-03-02T11:41:58","slug":"entrega-eruviel-reconocimientos-a-egresados-del-ortega-y-gasset","status":"publish","type":"post","link":"https:\/\/www.diarioimagen.net\/?p=208145","title":{"rendered":"Entrega Eruviel reconocimientos a egresados del Ortega y Gasset"},"content":{"rendered":"<ul>\n<li><strong><em>El gobernador puso en marcha un programa para equipar los 543 Centros de Educaci\u00f3n de Adultos y J\u00f3venes que hay en la entidad<\/em><\/strong><\/li>\n<\/ul>\n<h6>Redacci\u00f3n<\/h6>\n<p>&nbsp;<\/p>\n<div id=\"attachment_208223\" style=\"width: 250px\" class=\"wp-caption alignleft\"><a href=\"http:\/\/www.diarioimagen.net\/?attachment_id=208223\" rel=\"attachment wp-att-208223\"><img loading=\"lazy\" decoding=\"async\" aria-describedby=\"caption-attachment-208223\" class=\"size-medium wp-image-208223\" src=\"http:\/\/www.diarioimagen.net\/wp-content\/uploads\/2015\/02\/eruviel-2559-240x135.jpg\" alt=\"El gobernador Eruviel \u00c1vila Villegas entreg\u00f3 los certificados a quienes cursaron la maestr\u00eda en Alta Direcci\u00f3n de Gobierno y Pol\u00edticas P\u00fablicas, en el Instituto Universitario de Investigaci\u00f3n Ortega y Gasset de M\u00e9xico.\" width=\"240\" height=\"135\" srcset=\"https:\/\/www.diarioimagen.net\/wp-content\/uploads\/2015\/02\/eruviel-2559-240x135.jpg 240w, https:\/\/www.diarioimagen.net\/wp-content\/uploads\/2015\/02\/eruviel-2559-420x236.jpg 420w, https:\/\/www.diarioimagen.net\/wp-content\/uploads\/2015\/02\/eruviel-2559.jpg 480w, https:\/\/www.diarioimagen.net\/wp-content\/uploads\/2015\/02\/eruviel-2559-235x132.jpg 235w, https:\/\/www.diarioimagen.net\/wp-content\/uploads\/2015\/02\/eruviel-2559-202x114.jpg 202w, https:\/\/www.diarioimagen.net\/wp-content\/uploads\/2015\/02\/eruviel-2559-350x196.jpg 350w, https:\/\/www.diarioimagen.net\/wp-content\/uploads\/2015\/02\/eruviel-2559-220x123.jpg 220w, https:\/\/www.diarioimagen.net\/wp-content\/uploads\/2015\/02\/eruviel-2559-237x132.jpg 237w\" sizes=\"auto, (max-width: 240px) 100vw, 240px\" \/><\/a><p id=\"caption-attachment-208223\" class=\"wp-caption-text\">El gobernador Eruviel \u00c1vila Villegas entreg\u00f3 los certificados a quienes cursaron la maestr\u00eda en Alta Direcci\u00f3n de Gobierno y Pol\u00edticas P\u00fablicas, en el Instituto Universitario de Investigaci\u00f3n Ortega y Gasset de M\u00e9xico.<\/p><\/div>\n<p>Al entregar constancias, laptops y reconocimientos a los egresados de la maestr\u00eda en Alta Direcci\u00f3n de Gobierno y Pol\u00edticas P\u00fablicas, impartida por el Instituto Universitario de Investigaci\u00f3n Ortega y Gasset de M\u00e9xico, el gobernador\u00a0\u00a0 Eruviel \u00c1vila Villegas reconoci\u00f3 la confianza de esta instituci\u00f3n al brindar la oportunidad a los mexiquenses para continuar prepar\u00e1ndose profesionalmente y afirm\u00f3 que los miembros de esta primera generaci\u00f3n son un ejemplo para que los j\u00f3venes estudiantes se tracen una meta y el d\u00eda de ma\u00f1ana sean ellos quienes alcancen este tipo de logros acad\u00e9micos.<\/p>\n<p>\u201cY as\u00ed como ustedes est\u00e1n hoy concluyendo esta maestr\u00eda, en tan respetada instituci\u00f3n,\u00a0 no solamente en M\u00e9xico, no solamente en Espa\u00f1a, en todo el mundo. As\u00ed como ustedes est\u00e1n concluyendo\u00a0 hoy esta maestr\u00eda y seguramente planeando seguir con el doctorado, as\u00ed quiero que mis ni\u00f1as, que mis j\u00f3venes los vean como ejemplo a seguir y ma\u00f1ana tambi\u00e9n est\u00e9n egresando de una maestr\u00eda y de un doctorado, porque la formaci\u00f3n es clave para poder tener \u00e9xito en la vida\u201d, afirm\u00f3.<\/p>\n<p>En el marco de la entrega de las Acciones por la Educaci\u00f3n, que recibieron m\u00e1s de 6 mil estudiantes de municipios del Valle de Toluca, el gobernador exhort\u00f3 a los integrantes de esta primera generaci\u00f3n, quienes se desempe\u00f1an como funcionarios p\u00fablicos y acad\u00e9micos de la Universidad Aut\u00f3noma del Estado de M\u00e9xico, a seguir prepar\u00e1ndose para que su esfuerzo y sus estudios rindan buenos resultados en beneficio de la sociedad mexiquense.<\/p>\n<p>A su vez, Antonio Meza Estrada, director general del Instituto Universitario Ortega y Gasset, explic\u00f3 que gracias a la coordinaci\u00f3n entre el organismo a su cargo y el gobierno del Estado de M\u00e9xico, se logr\u00f3 abrir esta maestr\u00eda en la ciudad de Toluca, que anteriormente los interesados ten\u00edan que viajar a Espa\u00f1a para cursarla en un periodo de dos a\u00f1os, por lo que reconoci\u00f3 el trabajo del gobernador para concretarla, y anunci\u00f3 la apertura pr\u00f3xima, tambi\u00e9n en Toluca, de las maestr\u00edas en Pol\u00edticas P\u00fablicas, Comunicaci\u00f3n, Administraci\u00f3n de Centros Escolares\u00a0 y Gesti\u00f3n de Centros Educativos, as\u00ed como un doctorado en Gobierno y Pol\u00edticas P\u00fabicas,\u00a0 con la finalidad de ofrecer a los mexiquenses, la oportunidad de alcanzar metas globales.<\/p>\n<p>Eruviel \u00c1vila tambi\u00e9n entreg\u00f3 tarjetas La Efectiva, becas, laptos, computadoras tiflot\u00e9cnicas, entre otros, a alumnos de Toluca, Zinacantepec y Almoloya de Ju\u00e1rez.<\/p>\n<p>El secretario de Educaci\u00f3n de esta entidad, Raymundo Mart\u00ednez Carbajal, inform\u00f3 que durante la actual administraci\u00f3n se han realizado 111 eventos para la entrega de las Acciones por la Educaci\u00f3n, a los cuales asistieron m\u00e1s de 594 mil estudiantes, maestros y padres de familia; destac\u00f3 que en tres a\u00f1os, el gobierno estatal ha invertido 5 mil millones de pesos para impulsar a la educaci\u00f3n en todos sus niveles, mediante la implementaci\u00f3n de programas innovadores como becar a los integrantes de escoltas escolares, al extranjero para estudiantes de universidades p\u00fablicas y privadas, y entrega de laptops a los mejores promedios, entre otros.<\/p>\n<p>&nbsp;<\/p>\n<p style=\"text-align: center;\"><strong>Equipamiento a escuelas para adultos mayores<\/strong><\/p>\n<p>El gobernador Eruviel \u00c1vila puso en marcha un programa para equipar los\u00a0 543 centros de Educaci\u00f3n de Adultos y J\u00f3venes que hay en la entidad, que recibir\u00e1n dos computadoras de escritorio, una laptop, un v\u00eddeo proyector, una impresora, un pintarr\u00f3n, dos mesas y pupitres, para cada uno, con el objetivo de mejorar los talleres y cursos que se imparten, los cuales se enfocan a la ense\u00f1anza de oficios que permiten a los alumnos conseguir\u00a0 trabajo, o bien, autoemplearse.<\/p>\n","protected":false},"excerpt":{"rendered":"<p>Al entregar constancias, laptops y reconocimientos a los egresados de la maestr\u00eda en Alta Direcci\u00f3n de Gobierno y Pol\u00edticas P\u00fablicas, impartida por el Instituto Universitario de Investigaci\u00f3n Ortega y Gasset de M\u00e9xico, el gobernador   Eruviel \u00c1vila Villegas reconoci\u00f3 la confianza de esta instituci\u00f3n al brindar la oportunidad a los mexiquenses para continuar prepar\u00e1ndose profesionalmente y afirm\u00f3 que los miembros de esta primera generaci\u00f3n son un ejemplo para que los j\u00f3venes estudiantes se tracen una meta y el d\u00eda de ma\u00f1ana sean ellos quienes alcancen este tipo de logros acad\u00e9micos.<\/p>\n","protected":false},"author":3,"featured_media":208223,"comment_status":"open","ping_status":"open","sticky":false,"template":"","format":"standard","meta":{"_monsterinsights_skip_tracking":false,"_monsterinsights_sitenote_active":false,"_monsterinsights_sitenote_note":"","_monsterinsights_sitenote_category":0,"footnotes":""},"categories":[5],"tags":[5828,43675],"class_list":["post-208145","post","type-post","status-publish","format-standard","has-post-thumbnail","hentry","category-estado-de-mexico","tag-eruviel-avila-villegas","tag-estado-de-mexico"],"_links":{"self":[{"href":"https:\/\/www.diarioimagen.net\/index.php?rest_route=\/wp\/v2\/posts\/208145","targetHints":{"allow":["GET"]}}],"collection":[{"href":"https:\/\/www.diarioimagen.net\/index.php?rest_route=\/wp\/v2\/posts"}],"about":[{"href":"https:\/\/www.diarioimagen.net\/index.php?rest_route=\/wp\/v2\/types\/post"}],"author":[{"embeddable":true,"href":"https:\/\/www.diarioimagen.net\/index.php?rest_route=\/wp\/v2\/users\/3"}],"replies":[{"embeddable":true,"href":"https:\/\/www.diarioimagen.net\/index.php?rest_route=%2Fwp%2Fv2%2Fcomments&post=208145"}],"version-history":[{"count":0,"href":"https:\/\/www.diarioimagen.net\/index.php?rest_route=\/wp\/v2\/posts\/208145\/revisions"}],"wp:featuredmedia":[{"embeddable":true,"href":"https:\/\/www.diarioimagen.net\/index.php?rest_route=\/wp\/v2\/media\/208223"}],"wp:attachment":[{"href":"https:\/\/www.diarioimagen.net\/index.php?rest_route=%2Fwp%2Fv2%2Fmedia&parent=208145"}],"wp:term":[{"taxonomy":"category","embeddable":true,"href":"https:\/\/www.diarioimagen.net\/index.php?rest_route=%2Fwp%2Fv2%2Fcategories&post=208145"},{"taxonomy":"post_tag","embeddable":true,"href":"https:\/\/www.diarioimagen.net\/index.php?rest_route=%2Fwp%2Fv2%2Ftags&post=208145"}],"curies":[{"name":"wp","href":"https:\/\/api.w.org\/{rel}","templated":true}]}}