{"id":208147,"date":"2015-02-27T00:13:25","date_gmt":"2015-02-27T06:13:25","guid":{"rendered":"http:\/\/www.diarioimagen.net\/?p=208147"},"modified":"2015-02-27T11:14:28","modified_gmt":"2015-02-27T17:14:28","slug":"firme-el-impulso-a-la-ensenanza","status":"publish","type":"post","link":"https:\/\/www.diarioimagen.net\/?p=208147","title":{"rendered":"Firme, el impulso a la ense\u00f1anza"},"content":{"rendered":"<h2>Arco Norte<\/h2>\n<h5>Jos\u00e9 Luis Monta\u00f1ez Aguilar<\/h5>\n<p>&nbsp;<\/p>\n<div id=\"attachment_208238\" style=\"width: 250px\" class=\"wp-caption alignleft\"><a href=\"http:\/\/www.diarioimagen.net\/?attachment_id=208238\" rel=\"attachment wp-att-208238\"><img loading=\"lazy\" decoding=\"async\" aria-describedby=\"caption-attachment-208238\" class=\"size-medium wp-image-208238\" src=\"http:\/\/www.diarioimagen.net\/wp-content\/uploads\/2015\/02\/arco-2559-240x135.jpg\" alt=\"El gobernador Eruviel \u00c1vila Villegas.\" width=\"240\" height=\"135\" srcset=\"https:\/\/www.diarioimagen.net\/wp-content\/uploads\/2015\/02\/arco-2559-240x135.jpg 240w, https:\/\/www.diarioimagen.net\/wp-content\/uploads\/2015\/02\/arco-2559-420x236.jpg 420w, https:\/\/www.diarioimagen.net\/wp-content\/uploads\/2015\/02\/arco-2559.jpg 480w, https:\/\/www.diarioimagen.net\/wp-content\/uploads\/2015\/02\/arco-2559-235x132.jpg 235w, https:\/\/www.diarioimagen.net\/wp-content\/uploads\/2015\/02\/arco-2559-202x114.jpg 202w, https:\/\/www.diarioimagen.net\/wp-content\/uploads\/2015\/02\/arco-2559-350x196.jpg 350w, https:\/\/www.diarioimagen.net\/wp-content\/uploads\/2015\/02\/arco-2559-220x123.jpg 220w, https:\/\/www.diarioimagen.net\/wp-content\/uploads\/2015\/02\/arco-2559-237x132.jpg 237w\" sizes=\"auto, (max-width: 240px) 100vw, 240px\" \/><\/a><p id=\"caption-attachment-208238\" class=\"wp-caption-text\">El gobernador Eruviel \u00c1vila Villegas.<\/p><\/div>\n<p>El gobernador Eruviel \u00c1vila Villegas reconoci\u00f3 la confianza del Instituto Universitario de Investigaci\u00f3n Ortega y Gasset M\u00e9xico al brindar la oportunidad a los mexiquenses para continuar prepar\u00e1ndose profesionalmente. Al entregar constancias, laptops y reconocimientos a los egresados de la Maestr\u00eda en Alta Direcci\u00f3n de Gobierno y Pol\u00edticas P\u00fablicas, impartida por este instituto, \u00c1vila Villegas afirm\u00f3 que los miembros de esta primera generaci\u00f3n son un ejemplo para que los j\u00f3venes estudiantes se tracen una meta y el d\u00eda de ma\u00f1ana sean ellos quienes alcancen este tipo de logros acad\u00e9micos. En el marco de la entrega de las Acciones por la Educaci\u00f3n, que recibieron m\u00e1s de 6 mil estudiantes de municipios del Valle de Toluca, el gobernador exhort\u00f3 a los integrantes de esta primera generaci\u00f3n, quienes se desempe\u00f1an como funcionarios p\u00fablicos y acad\u00e9micos de la Universidad Aut\u00f3noma del Estado de M\u00e9xico, a seguir prepar\u00e1ndose para que su esfuerzo y sus estudios rindan buenos resultados en beneficio de la sociedad mexiquense. Eruviel \u00c1vila tambi\u00e9n entreg\u00f3 tarjetas La Efectiva, becas, laptos, computadoras tiflot\u00e9cnicas, entre otros, a alumnos de Toluca, Zinacantepec y Almoloya de Ju\u00e1rez. El gobernador tambi\u00e9n puso en marcha un programa para equipar los 543 centros de Educaci\u00f3n de Adultos y J\u00f3venes que hay en la entidad, los cuales recibir\u00e1n dos computadoras de escritorio, una laptop, un v\u00eddeo proyector, una impresora, un pintarr\u00f3n, dos mesas y pupitres, para cada uno, con el objetivo de mejorar los talleres y cursos que se imparten, los cuales se enfocan a la ense\u00f1anza de oficios que permiten a los alumnos conseguir trabajo o bien, auto emplearse.<\/p>\n<p><em><a href=\"mailto:montanezaguilar@gmail.com\" target=\"_blank\">montanezaguilar@gmail.com<\/a><\/em><\/p>\n","protected":false},"excerpt":{"rendered":"<p><span style=\"color: #005497;\"><strong>Jos\u00e9 Luis Monta\u00f1ez Aguilar<\/strong><\/span><br \/>\n<br \/>\nEl gobernador Eruviel \u00c1vila Villegas reconoci\u00f3 la confianza del Instituto Universitario de Investigaci\u00f3n Ortega y Gasset M\u00e9xico al brindar la oportunidad a los mexiquenses para continuar prepar\u00e1ndose profesionalmente. Al entregar constancias, laptops y reconocimientos a los egresados de la Maestr\u00eda en Alta Direcci\u00f3n de Gobierno y Pol\u00edticas P\u00fablicas, impartida por este instituto, \u00c1vila Villegas afirm\u00f3 que los miembros de esta primera generaci\u00f3n son un ejemplo para que los j\u00f3venes estudiantes se tracen una meta y el d\u00eda de ma\u00f1ana sean ellos quienes alcancen este tipo de logros acad\u00e9micos.<\/p>\n","protected":false},"author":3,"featured_media":208238,"comment_status":"open","ping_status":"open","sticky":false,"template":"","format":"standard","meta":{"_monsterinsights_skip_tracking":false,"_monsterinsights_sitenote_active":false,"_monsterinsights_sitenote_note":"","_monsterinsights_sitenote_category":0,"footnotes":""},"categories":[5],"tags":[13284,43704,43674],"class_list":["post-208147","post","type-post","status-publish","format-standard","has-post-thumbnail","hentry","category-estado-de-mexico","tag-arco-norte","tag-jose-luis-montanez-aguilar","tag-opinion"],"_links":{"self":[{"href":"https:\/\/www.diarioimagen.net\/index.php?rest_route=\/wp\/v2\/posts\/208147","targetHints":{"allow":["GET"]}}],"collection":[{"href":"https:\/\/www.diarioimagen.net\/index.php?rest_route=\/wp\/v2\/posts"}],"about":[{"href":"https:\/\/www.diarioimagen.net\/index.php?rest_route=\/wp\/v2\/types\/post"}],"author":[{"embeddable":true,"href":"https:\/\/www.diarioimagen.net\/index.php?rest_route=\/wp\/v2\/users\/3"}],"replies":[{"embeddable":true,"href":"https:\/\/www.diarioimagen.net\/index.php?rest_route=%2Fwp%2Fv2%2Fcomments&post=208147"}],"version-history":[{"count":0,"href":"https:\/\/www.diarioimagen.net\/index.php?rest_route=\/wp\/v2\/posts\/208147\/revisions"}],"wp:featuredmedia":[{"embeddable":true,"href":"https:\/\/www.diarioimagen.net\/index.php?rest_route=\/wp\/v2\/media\/208238"}],"wp:attachment":[{"href":"https:\/\/www.diarioimagen.net\/index.php?rest_route=%2Fwp%2Fv2%2Fmedia&parent=208147"}],"wp:term":[{"taxonomy":"category","embeddable":true,"href":"https:\/\/www.diarioimagen.net\/index.php?rest_route=%2Fwp%2Fv2%2Fcategories&post=208147"},{"taxonomy":"post_tag","embeddable":true,"href":"https:\/\/www.diarioimagen.net\/index.php?rest_route=%2Fwp%2Fv2%2Ftags&post=208147"}],"curies":[{"name":"wp","href":"https:\/\/api.w.org\/{rel}","templated":true}]}}