{"id":208214,"date":"2015-02-27T00:08:53","date_gmt":"2015-02-27T06:08:53","guid":{"rendered":"http:\/\/www.diarioimagen.net\/?p=208214"},"modified":"2015-02-27T10:37:42","modified_gmt":"2015-02-27T16:37:42","slug":"honores-a-la-ensena-nacional-en-tultitlan","status":"publish","type":"post","link":"https:\/\/www.diarioimagen.net\/?p=208214","title":{"rendered":"Honores a la Ense\u00f1a Nacional en Tultitl\u00e1n"},"content":{"rendered":"<p><strong><a href=\"http:\/\/www.diarioimagen.net\/?attachment_id=208231\" rel=\"attachment wp-att-208231\"><img loading=\"lazy\" decoding=\"async\" class=\"alignleft size-medium wp-image-208231\" src=\"http:\/\/www.diarioimagen.net\/wp-content\/uploads\/2015\/02\/tultitlan-2559-240x135.jpg\" alt=\"tultitlan-2559\" width=\"240\" height=\"135\" srcset=\"https:\/\/www.diarioimagen.net\/wp-content\/uploads\/2015\/02\/tultitlan-2559-240x135.jpg 240w, https:\/\/www.diarioimagen.net\/wp-content\/uploads\/2015\/02\/tultitlan-2559-420x236.jpg 420w, https:\/\/www.diarioimagen.net\/wp-content\/uploads\/2015\/02\/tultitlan-2559.jpg 480w, https:\/\/www.diarioimagen.net\/wp-content\/uploads\/2015\/02\/tultitlan-2559-235x132.jpg 235w, https:\/\/www.diarioimagen.net\/wp-content\/uploads\/2015\/02\/tultitlan-2559-202x114.jpg 202w, https:\/\/www.diarioimagen.net\/wp-content\/uploads\/2015\/02\/tultitlan-2559-350x196.jpg 350w, https:\/\/www.diarioimagen.net\/wp-content\/uploads\/2015\/02\/tultitlan-2559-220x123.jpg 220w, https:\/\/www.diarioimagen.net\/wp-content\/uploads\/2015\/02\/tultitlan-2559-237x132.jpg 237w\" sizes=\"auto, (max-width: 240px) 100vw, 240px\" \/><\/a>Tultitl\u00e1n, Estado de M\u00e9xico.-<\/strong> En compa\u00f1\u00eda de s\u00edndicos, regidores, servidores p\u00fablicos, estudiantes y ciudadanos, el presidente municipal, Higinio Alfredo Garc\u00eda Dur\u00e1n, rindi\u00f3 honores a la bandera en emotivo acto c\u00edvico. \u201cRendir honores a nuestra bandera es, en m\u00e1s de un sentido, la exaltaci\u00f3n del orgullo de ser mexicanos.<\/p>\n","protected":false},"excerpt":{"rendered":"<p>En compa\u00f1\u00eda de s\u00edndicos, regidores, servidores p\u00fablicos, estudiantes y ciudadanos, el presidente municipal, Higinio Alfredo Garc\u00eda Dur\u00e1n, rindi\u00f3 honores a la bandera en emotivo acto c\u00edvico. \u201cRendir honores a nuestra bandera es, en m\u00e1s de un sentido, la exaltaci\u00f3n del orgullo de ser mexicanos.<\/p>\n","protected":false},"author":3,"featured_media":208231,"comment_status":"open","ping_status":"open","sticky":false,"template":"","format":"standard","meta":{"_monsterinsights_skip_tracking":false,"_monsterinsights_sitenote_active":false,"_monsterinsights_sitenote_note":"","_monsterinsights_sitenote_category":0,"footnotes":""},"categories":[5],"tags":[43675,578],"class_list":["post-208214","post","type-post","status-publish","format-standard","has-post-thumbnail","hentry","category-estado-de-mexico","tag-estado-de-mexico","tag-tultitlan"],"_links":{"self":[{"href":"https:\/\/www.diarioimagen.net\/index.php?rest_route=\/wp\/v2\/posts\/208214","targetHints":{"allow":["GET"]}}],"collection":[{"href":"https:\/\/www.diarioimagen.net\/index.php?rest_route=\/wp\/v2\/posts"}],"about":[{"href":"https:\/\/www.diarioimagen.net\/index.php?rest_route=\/wp\/v2\/types\/post"}],"author":[{"embeddable":true,"href":"https:\/\/www.diarioimagen.net\/index.php?rest_route=\/wp\/v2\/users\/3"}],"replies":[{"embeddable":true,"href":"https:\/\/www.diarioimagen.net\/index.php?rest_route=%2Fwp%2Fv2%2Fcomments&post=208214"}],"version-history":[{"count":0,"href":"https:\/\/www.diarioimagen.net\/index.php?rest_route=\/wp\/v2\/posts\/208214\/revisions"}],"wp:featuredmedia":[{"embeddable":true,"href":"https:\/\/www.diarioimagen.net\/index.php?rest_route=\/wp\/v2\/media\/208231"}],"wp:attachment":[{"href":"https:\/\/www.diarioimagen.net\/index.php?rest_route=%2Fwp%2Fv2%2Fmedia&parent=208214"}],"wp:term":[{"taxonomy":"category","embeddable":true,"href":"https:\/\/www.diarioimagen.net\/index.php?rest_route=%2Fwp%2Fv2%2Fcategories&post=208214"},{"taxonomy":"post_tag","embeddable":true,"href":"https:\/\/www.diarioimagen.net\/index.php?rest_route=%2Fwp%2Fv2%2Ftags&post=208214"}],"curies":[{"name":"wp","href":"https:\/\/api.w.org\/{rel}","templated":true}]}}