{"id":208293,"date":"2015-02-28T00:30:04","date_gmt":"2015-02-28T06:30:04","guid":{"rendered":"http:\/\/www.diarioimagen.net\/?p=208293"},"modified":"2015-03-02T05:43:11","modified_gmt":"2015-03-02T11:43:11","slug":"ingresan-a-la-tuta-al-penal-el-altiplano","status":"publish","type":"post","link":"https:\/\/www.diarioimagen.net\/?p=208293","title":{"rendered":"Ingresan a <em>La Tuta<\/em>\u00a0al penal El Altiplano"},"content":{"rendered":"<p><a href=\"http:\/\/www.diarioimagen.net\/?attachment_id=208294\" rel=\"attachment wp-att-208294\"><img loading=\"lazy\" decoding=\"async\" class=\"aligncenter wp-image-208294\" src=\"http:\/\/www.diarioimagen.net\/wp-content\/uploads\/2015\/02\/tuta-frente-perfil-420x236.jpg\" alt=\"tuta-frente-perfil\" width=\"480\" height=\"270\" srcset=\"https:\/\/www.diarioimagen.net\/wp-content\/uploads\/2015\/02\/tuta-frente-perfil-420x236.jpg 420w, https:\/\/www.diarioimagen.net\/wp-content\/uploads\/2015\/02\/tuta-frente-perfil-240x135.jpg 240w, https:\/\/www.diarioimagen.net\/wp-content\/uploads\/2015\/02\/tuta-frente-perfil-480x270.jpg 480w, https:\/\/www.diarioimagen.net\/wp-content\/uploads\/2015\/02\/tuta-frente-perfil-235x132.jpg 235w, https:\/\/www.diarioimagen.net\/wp-content\/uploads\/2015\/02\/tuta-frente-perfil-202x114.jpg 202w, https:\/\/www.diarioimagen.net\/wp-content\/uploads\/2015\/02\/tuta-frente-perfil-350x196.jpg 350w, https:\/\/www.diarioimagen.net\/wp-content\/uploads\/2015\/02\/tuta-frente-perfil-220x123.jpg 220w, https:\/\/www.diarioimagen.net\/wp-content\/uploads\/2015\/02\/tuta-frente-perfil-237x132.jpg 237w, https:\/\/www.diarioimagen.net\/wp-content\/uploads\/2015\/02\/tuta-frente-perfil.jpg 1440w\" sizes=\"auto, (max-width: 480px) 100vw, 480px\" \/><\/a><\/p>\n<p>A bordo de un helic\u00f3ptero y custodiado por otra aeronave ingres\u00f3 al\u00a0Centro Federal de Readaptaci\u00f3n Social N. 1 El Altiplano, Servando G\u00f3mez Mart\u00ednez alias <em>La Tuta<\/em>, en el municipio de Almoloya de Ju\u00e1rez.\u00a0El dispositivo de entrega y recepci\u00f3n del presunto l\u00edder de <em>Los Caballeros Templarios<\/em>\u00a0dur\u00f3 poco menos de 20 minutos<\/p>\n","protected":false},"excerpt":{"rendered":"<p>A bordo de un helic\u00f3ptero y custodiado por otra aeronave ingres\u00f3 al\u00a0Centro Federal de Readaptaci\u00f3n Social N. 1 El Altiplano, Servando G\u00f3mez Mart\u00ednez alias <em>La Tuta<\/em>, en el municipio de Almoloya de Ju\u00e1rez.\u00a0El dispositivo de entrega y recepci\u00f3n del presunto l\u00edder de <em>Los Caballeros Templarios<\/em>\u00a0dur\u00f3 poco menos de 20 minutos<\/p>\n","protected":false},"author":1,"featured_media":208294,"comment_status":"open","ping_status":"open","sticky":false,"template":"","format":"standard","meta":{"_monsterinsights_skip_tracking":false,"_monsterinsights_sitenote_active":false,"_monsterinsights_sitenote_note":"","_monsterinsights_sitenote_category":0,"footnotes":""},"categories":[7],"tags":[10324,43673,29291],"class_list":["post-208293","post","type-post","status-publish","format-standard","has-post-thumbnail","hentry","category-seguridad","tag-la-tuta","tag-nacional","tag-servando-gomez-martinez"],"_links":{"self":[{"href":"https:\/\/www.diarioimagen.net\/index.php?rest_route=\/wp\/v2\/posts\/208293","targetHints":{"allow":["GET"]}}],"collection":[{"href":"https:\/\/www.diarioimagen.net\/index.php?rest_route=\/wp\/v2\/posts"}],"about":[{"href":"https:\/\/www.diarioimagen.net\/index.php?rest_route=\/wp\/v2\/types\/post"}],"author":[{"embeddable":true,"href":"https:\/\/www.diarioimagen.net\/index.php?rest_route=\/wp\/v2\/users\/1"}],"replies":[{"embeddable":true,"href":"https:\/\/www.diarioimagen.net\/index.php?rest_route=%2Fwp%2Fv2%2Fcomments&post=208293"}],"version-history":[{"count":0,"href":"https:\/\/www.diarioimagen.net\/index.php?rest_route=\/wp\/v2\/posts\/208293\/revisions"}],"wp:featuredmedia":[{"embeddable":true,"href":"https:\/\/www.diarioimagen.net\/index.php?rest_route=\/wp\/v2\/media\/208294"}],"wp:attachment":[{"href":"https:\/\/www.diarioimagen.net\/index.php?rest_route=%2Fwp%2Fv2%2Fmedia&parent=208293"}],"wp:term":[{"taxonomy":"category","embeddable":true,"href":"https:\/\/www.diarioimagen.net\/index.php?rest_route=%2Fwp%2Fv2%2Fcategories&post=208293"},{"taxonomy":"post_tag","embeddable":true,"href":"https:\/\/www.diarioimagen.net\/index.php?rest_route=%2Fwp%2Fv2%2Ftags&post=208293"}],"curies":[{"name":"wp","href":"https:\/\/api.w.org\/{rel}","templated":true}]}}