{"id":208333,"date":"2015-03-02T00:06:05","date_gmt":"2015-03-02T06:06:05","guid":{"rendered":"http:\/\/www.diarioimagen.net\/?p=208333"},"modified":"2015-03-03T06:30:23","modified_gmt":"2015-03-03T12:30:23","slug":"entrega-eruviel-avila-apoyos-a-mas-de-10-mil-mujeres","status":"publish","type":"post","link":"https:\/\/www.diarioimagen.net\/?p=208333","title":{"rendered":"Entrega Eruviel \u00c1vila apoyos a m\u00e1s de 10 mil mujeres"},"content":{"rendered":"<ul>\n<li><strong><em>Celebra el D\u00eda de la Familia<\/em><\/strong><\/li>\n<\/ul>\n<h6>Redacci\u00f3n<\/h6>\n<p>&nbsp;<\/p>\n<div id=\"attachment_208412\" style=\"width: 430px\" class=\"wp-caption aligncenter\"><a href=\"http:\/\/www.diarioimagen.net\/?attachment_id=208412\" rel=\"attachment wp-att-208412\"><img loading=\"lazy\" decoding=\"async\" aria-describedby=\"caption-attachment-208412\" class=\"size-large wp-image-208412\" src=\"http:\/\/www.diarioimagen.net\/wp-content\/uploads\/2015\/03\/eruviel-2560-420x146.jpg\" alt=\"Durante la entrega de apoyos de la Acciones para la Mujer, Eruviel \u00c1vila otorg\u00f3 constancias de capacitaci\u00f3n a f\u00e9minas que cursaron alg\u00fan taller para aprender un oficio; tarjetas La Efectiva en apoyo de la econom\u00eda de mujeres de 65 o m\u00e1s a\u00f1os de edad; vacunas para evitar padecimientos como el virus del papiloma humano o la influenza.\" width=\"420\" height=\"146\" srcset=\"https:\/\/www.diarioimagen.net\/wp-content\/uploads\/2015\/03\/eruviel-2560-420x146.jpg 420w, https:\/\/www.diarioimagen.net\/wp-content\/uploads\/2015\/03\/eruviel-2560-240x83.jpg 240w, https:\/\/www.diarioimagen.net\/wp-content\/uploads\/2015\/03\/eruviel-2560.jpg 960w\" sizes=\"auto, (max-width: 420px) 100vw, 420px\" \/><\/a><p id=\"caption-attachment-208412\" class=\"wp-caption-text\">Durante la entrega de apoyos de la Acciones para la Mujer, Eruviel \u00c1vila otorg\u00f3 constancias de capacitaci\u00f3n a f\u00e9minas que cursaron alg\u00fan taller para aprender un oficio; tarjetas La Efectiva en apoyo de la econom\u00eda de mujeres de 65 o m\u00e1s a\u00f1os de edad; vacunas para evitar padecimientos como el virus del papiloma humano o la influenza.<\/p><\/div>\n<p>En el marco de la celebraci\u00f3n del D\u00eda de la Familia, el gobernador Eruviel \u00c1vila Villegas entreg\u00f3 apoyos sociales a m\u00e1s de 10 mil mujeres de 14 municipios del norte del Estado de M\u00e9xico, y asegur\u00f3 que su gobierno continuar\u00e1 implementando programas y acciones que beneficien a las mexiquenses, ya que ellas son el n\u00facleo familiar y un pilar fundamental para mantener la estabilidad social.<\/p>\n<p>\u201cHoy es un d\u00eda muy importante, hoy en M\u00e9xico estamos celebrando el D\u00eda de la Familia, hoy es el D\u00eda de la Familia y decid\u00ed venir con mi familia de San Felipe del Progreso y de todo el norte del Estado de M\u00e9xico a celebrar con ustedes. Aqu\u00ed, con su calidez, con su cari\u00f1o, con su amor, con su afecto me siento en casa, me siento que estoy en familia, por eso hoy le digo felicidades a mi familia y a toda las familias mexiquenses\u201d, expres\u00f3.<\/p>\n<p>Durante la entrega de apoyos de la Acciones para la Mujer, Eruviel \u00c1vila otorg\u00f3 constancias de capacitaci\u00f3n a f\u00e9minas que cursaron alg\u00fan taller para aprender un oficio; tarjetas La Efectiva en apoyo de la econom\u00eda de mujeres de 65 o m\u00e1s a\u00f1os de edad; vacunas para evitar padecimientos como el virus del papiloma humano o la influenza; despensas alimentarias, pelucas oncol\u00f3gicas y beneficios a pacientes con c\u00e1ncer; p\u00f3lizas de seguro de vida a jefas de familia; recursos para madres de trillizos, cuatrillizos o m\u00e1s hijos; proyectos productivos y becas para integrantes de escoltas escolares, entre otros.<\/p>\n<p>En el Deportivo 20 de Noviembre, en San Felipe del Progreso, donde se reunieron m\u00e1s de 10 mil mujeres de los municipios de Acambay, Aculco, Atlacomulco, El Oro, Chapa de Mota, Ixtlahuaca, Jilotepec, Jocotitl\u00e1n, Morelos, Polotitl\u00e1n, San Jos\u00e9 del Rinc\u00f3n, Soyaniquilpan, Temascalcingo y Timilpan, el gobernador puntualiz\u00f3 que los recursos que se entregan a trav\u00e9s de las Acciones para la Mujer, son una serie de compromisos federales, estatales y municipales que permiten propiciar mejores condiciones de vida a las familias del Estado de M\u00e9xico.<\/p>\n<p>Por su parte, Enrique Gonz\u00e1lez Tiburcio, coordinador de Asesores y representante de la secretaria federal de Desarrollo Social, Rosario Robles Berlanga, dio a conocer que en el Estado de M\u00e9xico se han alcanzado grandes avances a trav\u00e9s de la Cruzada Nacional Contra el Hambre, de tal forma que hoy en d\u00eda m\u00e1s de 450 mil mexiquenses son beneficiados mediante esta estrategia de la federaci\u00f3n, adem\u00e1s que 543 mil adultos mayores reciben una pensi\u00f3n del gobierno de la Rep\u00fablica, m\u00e1s de 5 mil jefas de familia cuentan con un seguro de vida que protege a sus hijos en caso de que ellas lleguen a faltar, cerca de 567 mil familias reciben apoyos a trav\u00e9s del programa Prospera, m\u00e1s de un mill\u00f3n de personas adquieren leche de las tiendas Liconsa y que en la entidad se han instalado mil 300 comedores comunitarios donde personas de escasos recursos pueden alimentarse de forma saludable.<\/p>\n","protected":false},"excerpt":{"rendered":"<p>En el marco de la celebraci\u00f3n del D\u00eda de la Familia, el gobernador Eruviel \u00c1vila Villegas entreg\u00f3 apoyos sociales a m\u00e1s de 10 mil mujeres de 14 municipios del norte del Estado de M\u00e9xico, y asegur\u00f3 que su gobierno continuar\u00e1 implementando programas y acciones que beneficien a las mexiquenses, ya que ellas son el n\u00facleo familiar y un pilar fundamental para mantener la estabilidad social.<\/p>\n","protected":false},"author":3,"featured_media":208414,"comment_status":"open","ping_status":"open","sticky":false,"template":"","format":"standard","meta":{"_monsterinsights_skip_tracking":false,"_monsterinsights_sitenote_active":false,"_monsterinsights_sitenote_note":"","_monsterinsights_sitenote_category":0,"footnotes":""},"categories":[5],"tags":[3376,5828,43675],"class_list":["post-208333","post","type-post","status-publish","format-standard","has-post-thumbnail","hentry","category-estado-de-mexico","tag-dia-de-la-familia","tag-eruviel-avila-villegas","tag-estado-de-mexico"],"_links":{"self":[{"href":"https:\/\/www.diarioimagen.net\/index.php?rest_route=\/wp\/v2\/posts\/208333","targetHints":{"allow":["GET"]}}],"collection":[{"href":"https:\/\/www.diarioimagen.net\/index.php?rest_route=\/wp\/v2\/posts"}],"about":[{"href":"https:\/\/www.diarioimagen.net\/index.php?rest_route=\/wp\/v2\/types\/post"}],"author":[{"embeddable":true,"href":"https:\/\/www.diarioimagen.net\/index.php?rest_route=\/wp\/v2\/users\/3"}],"replies":[{"embeddable":true,"href":"https:\/\/www.diarioimagen.net\/index.php?rest_route=%2Fwp%2Fv2%2Fcomments&post=208333"}],"version-history":[{"count":0,"href":"https:\/\/www.diarioimagen.net\/index.php?rest_route=\/wp\/v2\/posts\/208333\/revisions"}],"wp:featuredmedia":[{"embeddable":true,"href":"https:\/\/www.diarioimagen.net\/index.php?rest_route=\/wp\/v2\/media\/208414"}],"wp:attachment":[{"href":"https:\/\/www.diarioimagen.net\/index.php?rest_route=%2Fwp%2Fv2%2Fmedia&parent=208333"}],"wp:term":[{"taxonomy":"category","embeddable":true,"href":"https:\/\/www.diarioimagen.net\/index.php?rest_route=%2Fwp%2Fv2%2Fcategories&post=208333"},{"taxonomy":"post_tag","embeddable":true,"href":"https:\/\/www.diarioimagen.net\/index.php?rest_route=%2Fwp%2Fv2%2Ftags&post=208333"}],"curies":[{"name":"wp","href":"https:\/\/api.w.org\/{rel}","templated":true}]}}