{"id":208389,"date":"2015-03-02T00:08:43","date_gmt":"2015-03-02T06:08:43","guid":{"rendered":"http:\/\/www.diarioimagen.net\/?p=208389"},"modified":"2015-03-02T04:53:45","modified_gmt":"2015-03-02T10:53:45","slug":"realizan-en-atizapan-boda-colectiva","status":"publish","type":"post","link":"https:\/\/www.diarioimagen.net\/?p=208389","title":{"rendered":"Realizan en Atizap\u00e1n boda colectiva"},"content":{"rendered":"<p><strong><a href=\"http:\/\/www.diarioimagen.net\/?attachment_id=208434\" rel=\"attachment wp-att-208434\"><img loading=\"lazy\" decoding=\"async\" class=\"alignleft size-medium wp-image-208434\" src=\"http:\/\/www.diarioimagen.net\/wp-content\/uploads\/2015\/03\/atizapan-2560-240x135.jpg\" alt=\"atizapan-2560\" width=\"240\" height=\"135\" srcset=\"https:\/\/www.diarioimagen.net\/wp-content\/uploads\/2015\/03\/atizapan-2560-240x135.jpg 240w, https:\/\/www.diarioimagen.net\/wp-content\/uploads\/2015\/03\/atizapan-2560-420x236.jpg 420w, https:\/\/www.diarioimagen.net\/wp-content\/uploads\/2015\/03\/atizapan-2560.jpg 480w, https:\/\/www.diarioimagen.net\/wp-content\/uploads\/2015\/03\/atizapan-2560-235x132.jpg 235w, https:\/\/www.diarioimagen.net\/wp-content\/uploads\/2015\/03\/atizapan-2560-202x114.jpg 202w, https:\/\/www.diarioimagen.net\/wp-content\/uploads\/2015\/03\/atizapan-2560-350x196.jpg 350w, https:\/\/www.diarioimagen.net\/wp-content\/uploads\/2015\/03\/atizapan-2560-220x123.jpg 220w, https:\/\/www.diarioimagen.net\/wp-content\/uploads\/2015\/03\/atizapan-2560-237x132.jpg 237w\" sizes=\"auto, (max-width: 240px) 100vw, 240px\" \/><\/a>Atizap\u00e1n, Estado de M\u00e9xico.-<\/strong> Por tercer a\u00f1o consecutivo el gobierno municipal llev\u00f3 a cabo la \u201cBoda del A\u00f1o\u201d, en la que cientos de parejas unieron lazos para legislar su uni\u00f3n a trav\u00e9s del matrimonio civil.<\/p>\n<p>El trabajo conjunto con el gibierno del estado permiti\u00f3 dar legalidad a la uni\u00f3n de mil 62 \u00a0parejas que felizmente asistieron a dicho acto para ser casados por las oficial\u00edas del Registro Civil de manera gratuita, para de esta manera apoyar su econom\u00eda y dar certeza jur\u00eddica a sus familias.<\/p>\n<p>La presidenta del Sistema Municipal DIF, Patricia Ar\u00e9valo Rubio, felicit\u00f3 a todos los nuevos matrimonios por concluir la legalizaci\u00f3n de su estado civil.<\/p>\n","protected":false},"excerpt":{"rendered":"<p>Por tercer a\u00f1o consecutivo el gobierno municipal llev\u00f3 a cabo la \u201cBoda del A\u00f1o\u201d, en la que cientos de parejas unieron lazos para legislar su uni\u00f3n a trav\u00e9s del matrimonio civil.<\/p>\n","protected":false},"author":3,"featured_media":208434,"comment_status":"open","ping_status":"open","sticky":false,"template":"","format":"standard","meta":{"_monsterinsights_skip_tracking":false,"_monsterinsights_sitenote_active":false,"_monsterinsights_sitenote_note":"","_monsterinsights_sitenote_category":0,"footnotes":""},"categories":[5],"tags":[969,11141,1353],"class_list":["post-208389","post","type-post","status-publish","format-standard","has-post-thumbnail","hentry","category-estado-de-mexico","tag-atizapan","tag-boda","tag-estado"],"_links":{"self":[{"href":"https:\/\/www.diarioimagen.net\/index.php?rest_route=\/wp\/v2\/posts\/208389","targetHints":{"allow":["GET"]}}],"collection":[{"href":"https:\/\/www.diarioimagen.net\/index.php?rest_route=\/wp\/v2\/posts"}],"about":[{"href":"https:\/\/www.diarioimagen.net\/index.php?rest_route=\/wp\/v2\/types\/post"}],"author":[{"embeddable":true,"href":"https:\/\/www.diarioimagen.net\/index.php?rest_route=\/wp\/v2\/users\/3"}],"replies":[{"embeddable":true,"href":"https:\/\/www.diarioimagen.net\/index.php?rest_route=%2Fwp%2Fv2%2Fcomments&post=208389"}],"version-history":[{"count":0,"href":"https:\/\/www.diarioimagen.net\/index.php?rest_route=\/wp\/v2\/posts\/208389\/revisions"}],"wp:featuredmedia":[{"embeddable":true,"href":"https:\/\/www.diarioimagen.net\/index.php?rest_route=\/wp\/v2\/media\/208434"}],"wp:attachment":[{"href":"https:\/\/www.diarioimagen.net\/index.php?rest_route=%2Fwp%2Fv2%2Fmedia&parent=208389"}],"wp:term":[{"taxonomy":"category","embeddable":true,"href":"https:\/\/www.diarioimagen.net\/index.php?rest_route=%2Fwp%2Fv2%2Fcategories&post=208389"},{"taxonomy":"post_tag","embeddable":true,"href":"https:\/\/www.diarioimagen.net\/index.php?rest_route=%2Fwp%2Fv2%2Ftags&post=208389"}],"curies":[{"name":"wp","href":"https:\/\/api.w.org\/{rel}","templated":true}]}}