{"id":208424,"date":"2015-03-02T00:04:26","date_gmt":"2015-03-02T06:04:26","guid":{"rendered":"http:\/\/www.diarioimagen.net\/?p=208424"},"modified":"2015-03-02T05:30:19","modified_gmt":"2015-03-02T11:30:19","slug":"disminuyeron-12-homicidios-dolosos","status":"publish","type":"post","link":"https:\/\/www.diarioimagen.net\/?p=208424","title":{"rendered":"Disminuyeron 12% homicidios dolosos"},"content":{"rendered":"<ul>\n<li><strong><em>Recuento de febrero<\/em><\/strong><\/li>\n<\/ul>\n<div id=\"attachment_208478\" style=\"width: 250px\" class=\"wp-caption alignleft\"><a href=\"http:\/\/www.diarioimagen.net\/?attachment_id=208478\" rel=\"attachment wp-att-208478\"><img loading=\"lazy\" decoding=\"async\" aria-describedby=\"caption-attachment-208478\" class=\"size-medium wp-image-208478\" src=\"http:\/\/www.diarioimagen.net\/wp-content\/uploads\/2015\/03\/seguridad-2560-240x135.jpg\" alt=\"En el primer bimestre del a\u00f1o se cometieron mil 379 homicidios dolosos relacionados con el crimen organizado.\" width=\"240\" height=\"135\" srcset=\"https:\/\/www.diarioimagen.net\/wp-content\/uploads\/2015\/03\/seguridad-2560-240x135.jpg 240w, https:\/\/www.diarioimagen.net\/wp-content\/uploads\/2015\/03\/seguridad-2560-420x236.jpg 420w, https:\/\/www.diarioimagen.net\/wp-content\/uploads\/2015\/03\/seguridad-2560.jpg 480w, https:\/\/www.diarioimagen.net\/wp-content\/uploads\/2015\/03\/seguridad-2560-235x132.jpg 235w, https:\/\/www.diarioimagen.net\/wp-content\/uploads\/2015\/03\/seguridad-2560-202x114.jpg 202w, https:\/\/www.diarioimagen.net\/wp-content\/uploads\/2015\/03\/seguridad-2560-350x196.jpg 350w, https:\/\/www.diarioimagen.net\/wp-content\/uploads\/2015\/03\/seguridad-2560-220x123.jpg 220w, https:\/\/www.diarioimagen.net\/wp-content\/uploads\/2015\/03\/seguridad-2560-237x132.jpg 237w\" sizes=\"auto, (max-width: 240px) 100vw, 240px\" \/><\/a><p id=\"caption-attachment-208478\" class=\"wp-caption-text\">En el primer bimestre del a\u00f1o se cometieron mil 379 homicidios dolosos relacionados con el crimen organizado.<\/p><\/div>\n<p>En el mes pasado hubo 645 homicidios dolosos relacionados con el crimen organizado, 24 casos menos respecto al mismo periodo de 2014 y 12.2 por ciento menos en comparaci\u00f3n con las 734 v\u00edctimas de enero pasado, seg\u00fan el recuento mensual.<\/p>\n<p>En febrero se registr\u00f3 un promedio de 23 muertes violentas por jornada, mientras que en enero la media fue de 24 decesos.<\/p>\n<p>En el primer bimestre del a\u00f1o se cometieron mil 379 homicidios dolosos relacionados con el crimen organizado, lo que representa el comienzo del a\u00f1o con menos v\u00edctimas desde 2009 cuando murieron mil 113 personas.<\/p>\n<p>En comparaci\u00f3n con los dos primeros meses de 2014, el registro de 2015 es menor por 10 casos, lo que significa una disminuci\u00f3n de 0.8 por ciento. Sin embargo, al compararse con el mismo periodo de 2013 se observa una ca\u00edda de 25 por ciento.<\/p>\n<p>Chihuahua, Guerrero, Veracruz, Sinaloa y Estado de M\u00e9xico concentraron en febrero 53 por ciento de los homicidios a escala nacional.<\/p>\n<p>En Chihuahua se contabilizaron 89 casos, lo que representa un decremento de 28 por ciento respecto a los 123 casos registrados en enero.<\/p>\n<p>En 2014 esta entidad tuvo un promedio mensual de 95 homicidios dolosos, lo que signific\u00f3 una reducci\u00f3n respecto a las 169 muertes que se registraron en 2013.<\/p>\n<p>El domingo 8 y jueves 12 de febrero fueron las fechas m\u00e1s violentas, con ocho muertes en distintos hechos. Entre los m\u00e1s destacados de la primera jornada se encuentran cinco asesinatos en Ciudad Ju\u00e1rez como resultado de un ataque armado a una fiesta en la colonia Felipe \u00c1ngeles, donde fueron rafagueadas varias personas que se encontraban en la celebraci\u00f3n de un cumplea\u00f1os en una casa ubicada en la esquina de la calle Tabasco y bulevar Norzagaray.<\/p>\n<p>El 12 de febrero fueron hallados los cuerpos sin vida de un hombre y una mujer en un camino de tierra de la colonia Valle de la Madrid, en el sector Cerro de la Cruz. Adem\u00e1s, tres sujetos fueron asesinados de disparos en la cabeza en el poblado de Aracoyvo, del municipio de Uruachi.<\/p>\n<p>Guerrero se coloc\u00f3 como la segunda entidad m\u00e1s violenta con 83 homicidios dolosos; sin embargo, esta cifra equivale a una disminuci\u00f3n de 30 por ciento respecto a los 119 asesinatos cometidos en enero. La jornada m\u00e1s violenta del mes pasado se llev\u00f3 a cabo el d\u00eda 21, cuando nueve personas murieron en la entidad y siete de ellas se registraron en el puerto de Acapulco.<\/p>\n","protected":false},"excerpt":{"rendered":"<p>En el mes pasado hubo 645 homicidios dolosos relacionados con el crimen organizado, 24 casos menos respecto al mismo periodo de 2014 y 12.2 por ciento menos en comparaci\u00f3n con las 734 v\u00edctimas de enero pasado, seg\u00fan el recuento mensual.<\/p>\n","protected":false},"author":3,"featured_media":208478,"comment_status":"open","ping_status":"open","sticky":false,"template":"","format":"standard","meta":{"_monsterinsights_skip_tracking":false,"_monsterinsights_sitenote_active":false,"_monsterinsights_sitenote_note":"","_monsterinsights_sitenote_category":0,"footnotes":""},"categories":[7],"tags":[31292,43677],"class_list":["post-208424","post","type-post","status-publish","format-standard","has-post-thumbnail","hentry","category-seguridad","tag-disminucion","tag-seguridad"],"_links":{"self":[{"href":"https:\/\/www.diarioimagen.net\/index.php?rest_route=\/wp\/v2\/posts\/208424","targetHints":{"allow":["GET"]}}],"collection":[{"href":"https:\/\/www.diarioimagen.net\/index.php?rest_route=\/wp\/v2\/posts"}],"about":[{"href":"https:\/\/www.diarioimagen.net\/index.php?rest_route=\/wp\/v2\/types\/post"}],"author":[{"embeddable":true,"href":"https:\/\/www.diarioimagen.net\/index.php?rest_route=\/wp\/v2\/users\/3"}],"replies":[{"embeddable":true,"href":"https:\/\/www.diarioimagen.net\/index.php?rest_route=%2Fwp%2Fv2%2Fcomments&post=208424"}],"version-history":[{"count":0,"href":"https:\/\/www.diarioimagen.net\/index.php?rest_route=\/wp\/v2\/posts\/208424\/revisions"}],"wp:featuredmedia":[{"embeddable":true,"href":"https:\/\/www.diarioimagen.net\/index.php?rest_route=\/wp\/v2\/media\/208478"}],"wp:attachment":[{"href":"https:\/\/www.diarioimagen.net\/index.php?rest_route=%2Fwp%2Fv2%2Fmedia&parent=208424"}],"wp:term":[{"taxonomy":"category","embeddable":true,"href":"https:\/\/www.diarioimagen.net\/index.php?rest_route=%2Fwp%2Fv2%2Fcategories&post=208424"},{"taxonomy":"post_tag","embeddable":true,"href":"https:\/\/www.diarioimagen.net\/index.php?rest_route=%2Fwp%2Fv2%2Ftags&post=208424"}],"curies":[{"name":"wp","href":"https:\/\/api.w.org\/{rel}","templated":true}]}}