{"id":208582,"date":"2015-03-03T00:07:37","date_gmt":"2015-03-03T06:07:37","guid":{"rendered":"http:\/\/www.diarioimagen.net\/?p=208582"},"modified":"2015-03-04T06:02:26","modified_gmt":"2015-03-04T12:02:26","slug":"policias-de-eu-abaten-a-otro-mexicano-la-sre-condena","status":"publish","type":"post","link":"https:\/\/www.diarioimagen.net\/?p=208582","title":{"rendered":"Polic\u00edas de EU abaten a otro mexicano; la SRE condena"},"content":{"rendered":"<ul>\n<li><strong><em>Van tres muertes en un mes<\/em><\/strong><\/li>\n<\/ul>\n<div id=\"attachment_208629\" style=\"width: 250px\" class=\"wp-caption alignleft\"><a href=\"http:\/\/www.diarioimagen.net\/?attachment_id=208629\" rel=\"attachment wp-att-208629\"><img loading=\"lazy\" decoding=\"async\" aria-describedby=\"caption-attachment-208629\" class=\"size-medium wp-image-208629\" src=\"http:\/\/www.diarioimagen.net\/wp-content\/uploads\/2015\/03\/sre-2561-240x135.jpg\" alt=\"La canciller\u00eda mexicana manifest\u00f3 su consternaci\u00f3n y molestia por la muerte de otro mexicano en Estados Unidos, v\u00edctima del uso excesivo de la fuerza policial.\" width=\"240\" height=\"135\" srcset=\"https:\/\/www.diarioimagen.net\/wp-content\/uploads\/2015\/03\/sre-2561-240x135.jpg 240w, https:\/\/www.diarioimagen.net\/wp-content\/uploads\/2015\/03\/sre-2561-420x236.jpg 420w, https:\/\/www.diarioimagen.net\/wp-content\/uploads\/2015\/03\/sre-2561.jpg 480w, https:\/\/www.diarioimagen.net\/wp-content\/uploads\/2015\/03\/sre-2561-235x132.jpg 235w, https:\/\/www.diarioimagen.net\/wp-content\/uploads\/2015\/03\/sre-2561-202x114.jpg 202w, https:\/\/www.diarioimagen.net\/wp-content\/uploads\/2015\/03\/sre-2561-350x196.jpg 350w, https:\/\/www.diarioimagen.net\/wp-content\/uploads\/2015\/03\/sre-2561-220x123.jpg 220w, https:\/\/www.diarioimagen.net\/wp-content\/uploads\/2015\/03\/sre-2561-237x132.jpg 237w\" sizes=\"auto, (max-width: 240px) 100vw, 240px\" \/><\/a><p id=\"caption-attachment-208629\" class=\"wp-caption-text\">La canciller\u00eda mexicana manifest\u00f3 su consternaci\u00f3n y molestia por la muerte de otro mexicano en Estados Unidos, v\u00edctima del uso excesivo de la fuerza policial.<\/p><\/div>\n<p>El gobierno de M\u00e9xico confirm\u00f3 ayer la muerte del connacional Ernesto Javier Canepa D\u00edaz, causada por disparos de oficiales del Departamento de Polic\u00eda de Santa Ana, California. Se trata del tercer mexicano abatido en menos de un mes en territorio estadounidense.<\/p>\n<p>\u201cIncidente que causa una profunda consternaci\u00f3n y molestia, pues se suma a los recientes fallecimientos de los mexicanos Antonio Zambrano Montes y Rub\u00e9n Garc\u00eda Villalpando, en Pasco, Washington y Euless, Texas, respectivamente, que involucran presumiblemente el uso excesivo de la fuerza\u201d, se\u00f1al\u00f3 la Secretar\u00eda de Relaciones Exteriores (SRE)<\/p>\n<p>En un comunicado la canciller\u00eda inform\u00f3 que ha hecho un llamado al Departamento de Justicia de Estados Unidos para que mediante su divisi\u00f3n de Derechos Civiles, acompa\u00f1e la investigaci\u00f3n de estos tres casos para asegurar que se conduzcan con transparencia y en su caso, se deslinde la debida responsabilidad penal o civil a que haya lugar.<\/p>\n<p>Se inform\u00f3 adem\u00e1s que el consulado de M\u00e9xico en Santa Ana \u201centr\u00f3 en contacto personal con el jefe de Polic\u00eda de Santa Ana y el Fiscal del Condado de Orange y les dirigi\u00f3 misivas expresando su profunda preocupaci\u00f3n por los hechos ocurridos, pidiendo una investigaci\u00f3n exhaustiva y la actualizaci\u00f3n oportuna de los avances, al tiempo de solicitar se tomen las medidas que prevengan la repetici\u00f3n de incidentes similares.<\/p>\n<p>Tambi\u00e9n el gobierno federal ha solicitado al Grupo de Consulta sobre Derechos Civiles de los Mexicanos en Estados Unidos (MCRAG, por sus siglas en ingl\u00e9s), explorar opciones legales que permitan responder a este incidente y a otros similares, as\u00ed como estrategias para sensibilizar a la opini\u00f3n p\u00fablica sobre la necesidad de que se revisen y mejoren las pol\u00edticas y pr\u00e1cticas de uso de la fuerza de las corporaciones policiacas cuyo mandato es salvaguardar la seguridad f\u00edsica de los miembros de la comunidad.<\/p>\n<p>\u201cA la consternaci\u00f3n de sumar el tercer caso de un mexicano fallecido por el uso excesivo de la fuerza en menos de un mes, se a\u00f1ade la profunda preocupaci\u00f3n por el efecto de fractura de confianza entre la comunidad hispana y las fuerzas policiacas que pudiera derivar de estos hechos, por lo que se hace un llamado a las autoridades policiacas de Santa Ana, a establecer medidas de reconstrucci\u00f3n de la confianza que sienten bases firmes para la seguridad colectiva\u201d, refiri\u00f3 la canciller\u00eda.<\/p>\n<p>Subray\u00f3 que se har\u00e1 uso de todos los recursos disponibles para velar por el inter\u00e9s de las familias de las v\u00edctimas, con el fin de que tengan pleno acceso a la justicia de conformidad con las leyes aplicables.<\/p>\n","protected":false},"excerpt":{"rendered":"<p>El gobierno de M\u00e9xico confirm\u00f3 ayer la muerte del connacional Ernesto Javier Canepa D\u00edaz, causada por disparos de oficiales del Departamento de Polic\u00eda de Santa Ana, California. Se trata del tercer mexicano abatido en menos de un mes en territorio estadounidense.<\/p>\n","protected":false},"author":3,"featured_media":208629,"comment_status":"open","ping_status":"open","sticky":false,"template":"","format":"standard","meta":{"_monsterinsights_skip_tracking":false,"_monsterinsights_sitenote_active":false,"_monsterinsights_sitenote_note":"","_monsterinsights_sitenote_category":0,"footnotes":""},"categories":[3],"tags":[2786,43673,441],"class_list":["post-208582","post","type-post","status-publish","format-standard","has-post-thumbnail","hentry","category-nacional","tag-eu","tag-nacional","tag-secretaria-de-relaciones-exteriores"],"_links":{"self":[{"href":"https:\/\/www.diarioimagen.net\/index.php?rest_route=\/wp\/v2\/posts\/208582","targetHints":{"allow":["GET"]}}],"collection":[{"href":"https:\/\/www.diarioimagen.net\/index.php?rest_route=\/wp\/v2\/posts"}],"about":[{"href":"https:\/\/www.diarioimagen.net\/index.php?rest_route=\/wp\/v2\/types\/post"}],"author":[{"embeddable":true,"href":"https:\/\/www.diarioimagen.net\/index.php?rest_route=\/wp\/v2\/users\/3"}],"replies":[{"embeddable":true,"href":"https:\/\/www.diarioimagen.net\/index.php?rest_route=%2Fwp%2Fv2%2Fcomments&post=208582"}],"version-history":[{"count":0,"href":"https:\/\/www.diarioimagen.net\/index.php?rest_route=\/wp\/v2\/posts\/208582\/revisions"}],"wp:featuredmedia":[{"embeddable":true,"href":"https:\/\/www.diarioimagen.net\/index.php?rest_route=\/wp\/v2\/media\/208629"}],"wp:attachment":[{"href":"https:\/\/www.diarioimagen.net\/index.php?rest_route=%2Fwp%2Fv2%2Fmedia&parent=208582"}],"wp:term":[{"taxonomy":"category","embeddable":true,"href":"https:\/\/www.diarioimagen.net\/index.php?rest_route=%2Fwp%2Fv2%2Fcategories&post=208582"},{"taxonomy":"post_tag","embeddable":true,"href":"https:\/\/www.diarioimagen.net\/index.php?rest_route=%2Fwp%2Fv2%2Ftags&post=208582"}],"curies":[{"name":"wp","href":"https:\/\/api.w.org\/{rel}","templated":true}]}}