{"id":208692,"date":"2015-03-04T00:13:59","date_gmt":"2015-03-04T06:13:59","guid":{"rendered":"http:\/\/www.diarioimagen.net\/?p=208692"},"modified":"2015-03-04T04:50:14","modified_gmt":"2015-03-04T10:50:14","slug":"cantera-de-liderazgos","status":"publish","type":"post","link":"https:\/\/www.diarioimagen.net\/?p=208692","title":{"rendered":"Cantera de liderazgos"},"content":{"rendered":"<h2>Arco Norte<\/h2>\n<h5>Jos\u00e9 Luis Monta\u00f1ez Aguilar<\/h5>\n<p>&nbsp;<\/p>\n<p><a href=\"http:\/\/www.diarioimagen.net\/?attachment_id=208762\" rel=\"attachment wp-att-208762\"><img loading=\"lazy\" decoding=\"async\" class=\"alignleft size-medium wp-image-208762\" src=\"http:\/\/www.diarioimagen.net\/wp-content\/uploads\/2015\/03\/arco-2562-240x135.jpg\" alt=\"arco-2562\" width=\"240\" height=\"135\" srcset=\"https:\/\/www.diarioimagen.net\/wp-content\/uploads\/2015\/03\/arco-2562-240x135.jpg 240w, https:\/\/www.diarioimagen.net\/wp-content\/uploads\/2015\/03\/arco-2562-420x236.jpg 420w, https:\/\/www.diarioimagen.net\/wp-content\/uploads\/2015\/03\/arco-2562.jpg 480w, https:\/\/www.diarioimagen.net\/wp-content\/uploads\/2015\/03\/arco-2562-235x132.jpg 235w, https:\/\/www.diarioimagen.net\/wp-content\/uploads\/2015\/03\/arco-2562-202x114.jpg 202w, https:\/\/www.diarioimagen.net\/wp-content\/uploads\/2015\/03\/arco-2562-350x196.jpg 350w, https:\/\/www.diarioimagen.net\/wp-content\/uploads\/2015\/03\/arco-2562-220x123.jpg 220w, https:\/\/www.diarioimagen.net\/wp-content\/uploads\/2015\/03\/arco-2562-237x132.jpg 237w\" sizes=\"auto, (max-width: 240px) 100vw, 240px\" \/><\/a>Eruviel \u00c1vila Villegas afirm\u00f3 que la Universidad Aut\u00f3noma del Estado de M\u00e9xico (UAEM) es fuerte y s\u00f3lida por su unidad, as\u00ed como por la pluralidad y la democracia que se vive al interior de la misma; reiter\u00f3 que la administraci\u00f3n estatal continuar\u00e1 apoy\u00e1ndola siempre respetando su autonom\u00eda. Durante el Segundo Informe de Actividades del rector de la Universidad Aut\u00f3noma del Estado de M\u00e9xico (UAEM), Jorge Olvera Garc\u00eda, el titular del Ejecutivo estatal refiri\u00f3 que esta casa de estudios es cantera de liderazgos del pensamiento en la entidad y en el pa\u00eds, teniendo como objetivo estar al servicio de la sociedad e impulsar conocimientos con valores, humanismo y responsabilidad social, que ha dado como resultado contar con profesionistas con una s\u00f3lida formaci\u00f3n acad\u00e9mica. Asever\u00f3 que gracias a este esfuerzo, la m\u00e1xima casa de estudios del Edomex es una las 10 mejores evaluadas a nivel nacional, adem\u00e1s ocupa el segundo lugar entre las universidades p\u00fablicas del pa\u00eds en programas acreditados por el Consejo para la Acreditaci\u00f3n de Educaci\u00f3n Superior y nueve de sus planteles de preparatoria son considerados de calidad por el Consejo para la Evaluaci\u00f3n de la Educaci\u00f3n de Tipo Medio Superior. Sostuvo que estos resultados son logros del esfuerzo y trabajo diario de todos los que conforman a la UAEM, especialmente del \u00e1nimo de trabajar en equipo con los diferentes \u00f3rdenes de gobierno del rector Jorge Olvera. Destac\u00f3 algunas de las acciones realizadas por esta instituci\u00f3n educativa en este a\u00f1o de trabajo, como el ampliar en el ciclo escolar 2014-2015 la matr\u00edcula escolar a m\u00e1s de 73 mil 400 alumnos, quienes pueden seguir escribiendo su propia historia de \u00e9xito.<\/p>\n<p><em><a href=\"mailto:montanezaguilar@gmail.com\" target=\"_blank\">montanezaguilar@gmail.com<\/a><\/em><\/p>\n","protected":false},"excerpt":{"rendered":"<p><span style=\"color: #005497;\"><strong>Jos\u00e9 Luis Monta\u00f1ez Aguilar<\/strong><\/span><br \/>\n<br \/>\nEruviel \u00c1vila Villegas afirm\u00f3 que la Universidad Aut\u00f3noma del Estado de M\u00e9xico (UAEM) es fuerte y s\u00f3lida por su unidad, as\u00ed como por la pluralidad y la democracia que se vive al interior de la misma; reiter\u00f3 que la administraci\u00f3n estatal continuar\u00e1 apoy\u00e1ndola siempre respetando su autonom\u00eda. <\/p>\n","protected":false},"author":3,"featured_media":208762,"comment_status":"open","ping_status":"open","sticky":false,"template":"","format":"standard","meta":{"_monsterinsights_skip_tracking":false,"_monsterinsights_sitenote_active":false,"_monsterinsights_sitenote_note":"","_monsterinsights_sitenote_category":0,"footnotes":""},"categories":[5],"tags":[13284,43704,43674,1490],"class_list":["post-208692","post","type-post","status-publish","format-standard","has-post-thumbnail","hentry","category-estado-de-mexico","tag-arco-norte","tag-jose-luis-montanez-aguilar","tag-opinion","tag-universidad-autonoma-del-estado-de-mexico"],"_links":{"self":[{"href":"https:\/\/www.diarioimagen.net\/index.php?rest_route=\/wp\/v2\/posts\/208692","targetHints":{"allow":["GET"]}}],"collection":[{"href":"https:\/\/www.diarioimagen.net\/index.php?rest_route=\/wp\/v2\/posts"}],"about":[{"href":"https:\/\/www.diarioimagen.net\/index.php?rest_route=\/wp\/v2\/types\/post"}],"author":[{"embeddable":true,"href":"https:\/\/www.diarioimagen.net\/index.php?rest_route=\/wp\/v2\/users\/3"}],"replies":[{"embeddable":true,"href":"https:\/\/www.diarioimagen.net\/index.php?rest_route=%2Fwp%2Fv2%2Fcomments&post=208692"}],"version-history":[{"count":0,"href":"https:\/\/www.diarioimagen.net\/index.php?rest_route=\/wp\/v2\/posts\/208692\/revisions"}],"wp:featuredmedia":[{"embeddable":true,"href":"https:\/\/www.diarioimagen.net\/index.php?rest_route=\/wp\/v2\/media\/208762"}],"wp:attachment":[{"href":"https:\/\/www.diarioimagen.net\/index.php?rest_route=%2Fwp%2Fv2%2Fmedia&parent=208692"}],"wp:term":[{"taxonomy":"category","embeddable":true,"href":"https:\/\/www.diarioimagen.net\/index.php?rest_route=%2Fwp%2Fv2%2Fcategories&post=208692"},{"taxonomy":"post_tag","embeddable":true,"href":"https:\/\/www.diarioimagen.net\/index.php?rest_route=%2Fwp%2Fv2%2Ftags&post=208692"}],"curies":[{"name":"wp","href":"https:\/\/api.w.org\/{rel}","templated":true}]}}