{"id":208756,"date":"2015-03-04T00:08:23","date_gmt":"2015-03-04T06:08:23","guid":{"rendered":"http:\/\/www.diarioimagen.net\/?p=208756"},"modified":"2015-03-04T04:58:07","modified_gmt":"2015-03-04T10:58:07","slug":"capacita-issemym-en-el-manejo-y-cuidado-de-heridas","status":"publish","type":"post","link":"https:\/\/www.diarioimagen.net\/?p=208756","title":{"rendered":"Capacita ISSEMyM en el manejo y cuidado de heridas"},"content":{"rendered":"<ul>\n<li><strong><em>Diplomado en el Hospital Regional de Toluca<\/em><\/strong><\/li>\n<\/ul>\n<div id=\"attachment_208774\" style=\"width: 250px\" class=\"wp-caption alignleft\"><a href=\"http:\/\/www.diarioimagen.net\/?attachment_id=208774\" rel=\"attachment wp-att-208774\"><img loading=\"lazy\" decoding=\"async\" aria-describedby=\"caption-attachment-208774\" class=\"size-medium wp-image-208774\" src=\"http:\/\/www.diarioimagen.net\/wp-content\/uploads\/2015\/03\/issemym-2562-240x135.jpg\" alt=\"Del 5 al 27 de marzo.\" width=\"240\" height=\"135\" srcset=\"https:\/\/www.diarioimagen.net\/wp-content\/uploads\/2015\/03\/issemym-2562-240x135.jpg 240w, https:\/\/www.diarioimagen.net\/wp-content\/uploads\/2015\/03\/issemym-2562-420x236.jpg 420w, https:\/\/www.diarioimagen.net\/wp-content\/uploads\/2015\/03\/issemym-2562.jpg 480w, https:\/\/www.diarioimagen.net\/wp-content\/uploads\/2015\/03\/issemym-2562-235x132.jpg 235w, https:\/\/www.diarioimagen.net\/wp-content\/uploads\/2015\/03\/issemym-2562-202x114.jpg 202w, https:\/\/www.diarioimagen.net\/wp-content\/uploads\/2015\/03\/issemym-2562-350x196.jpg 350w, https:\/\/www.diarioimagen.net\/wp-content\/uploads\/2015\/03\/issemym-2562-220x123.jpg 220w, https:\/\/www.diarioimagen.net\/wp-content\/uploads\/2015\/03\/issemym-2562-237x132.jpg 237w\" sizes=\"auto, (max-width: 240px) 100vw, 240px\" \/><\/a><p id=\"caption-attachment-208774\" class=\"wp-caption-text\">Del 5 de marzo al 27 de agosto.<\/p><\/div>\n<p>Con la finalidad de profesionalizar y actualizar al personal de enfermer\u00eda, el Instituto de Seguridad Social del Estado de M\u00e9xico y Municipios (ISSEMyM) llevar\u00e1 a cabo el segundo diplomado sobre \u201cManejo multidisciplinario en el cuidado de heridas\u201d, el cual se impartir\u00e1 en el Hospital Regional Toluca del 5 de marzo al 27 de agosto.<\/p>\n<p>Sof\u00eda Araceli Gonz\u00e1lez Mendoza, pionera y responsable de la Cl\u00ednica de Heridas, inform\u00f3 que desde 2002, el ISSEMyM es la \u00fanica instituci\u00f3n en el Estado de M\u00e9xico en contar con una unidad de este tipo, de ah\u00ed, el inter\u00e9s por capacitar al personal de la dependencia.<\/p>\n<p>\u201cEl objetivo es que la gente se prepare y capacite. Todo mundo cree que es muy sencillo el tratamiento, pero hay que recordar que una lesi\u00f3n mal cuidada puede llevar a la muerte\u201d, expres\u00f3.<\/p>\n<p>Explic\u00f3 que derivado a la gran demanda que ha tenido este diplomado, este a\u00f1o se abri\u00f3 a personal de salud de otras instituciones p\u00fablicas, por lo que se espera la participaci\u00f3n de m\u00e9dicos y enfermas del IMSS, ISSSTE e ISEM; participar\u00e1n m\u00e9dicos cirujanos, angi\u00f3logos, dermat\u00f3logos y enfermeras, quienes compartir\u00e1n sus conocimientos y hablar\u00e1n de las nuevas tecnolog\u00edas y procedimientos para cicatrizar m\u00e1s r\u00e1pido las heridas, sobre todo en personas con Diabetes e Hipertensi\u00f3n.<\/p>\n<p>\u201cEntre los temas a tratar est\u00e1n c\u00f3mo diferenciar oportunamente cuando una lesi\u00f3n aguda pasa a cr\u00f3nica, c\u00f3mo tratar \u00falceras venosas en pie diab\u00e9tico, \u00falceras arteriales, quemaduras, infecciones, qu\u00e9 hacer cuando llegan abrirse y varios m\u00e1s\u201d, indic\u00f3.<\/p>\n<p>Sof\u00eda Gonz\u00e1lez se\u00f1al\u00f3 que al concluir el curso, los asistentes ser\u00e1n especialistas en el cuidado de heridas cr\u00f3nicas y de dif\u00edcil cicatrizaci\u00f3n.<\/p>\n","protected":false},"excerpt":{"rendered":"<p>Con la finalidad de profesionalizar y actualizar al personal de enfermer\u00eda, el Instituto de Seguridad Social del Estado de M\u00e9xico y Municipios (ISSEMyM) llevar\u00e1 a cabo el segundo diplomado sobre \u201cManejo multidisciplinario en el cuidado de heridas\u201d, el cual se impartir\u00e1 en el Hospital Regional Toluca del 5 de marzo al 27 de agosto.<\/p>\n","protected":false},"author":3,"featured_media":208774,"comment_status":"open","ping_status":"open","sticky":false,"template":"","format":"standard","meta":{"_monsterinsights_skip_tracking":false,"_monsterinsights_sitenote_active":false,"_monsterinsights_sitenote_note":"","_monsterinsights_sitenote_category":0,"footnotes":""},"categories":[5],"tags":[43675,15248,257,699],"class_list":["post-208756","post","type-post","status-publish","format-standard","has-post-thumbnail","hentry","category-estado-de-mexico","tag-estado-de-mexico","tag-heridas","tag-imss","tag-issemym"],"_links":{"self":[{"href":"https:\/\/www.diarioimagen.net\/index.php?rest_route=\/wp\/v2\/posts\/208756","targetHints":{"allow":["GET"]}}],"collection":[{"href":"https:\/\/www.diarioimagen.net\/index.php?rest_route=\/wp\/v2\/posts"}],"about":[{"href":"https:\/\/www.diarioimagen.net\/index.php?rest_route=\/wp\/v2\/types\/post"}],"author":[{"embeddable":true,"href":"https:\/\/www.diarioimagen.net\/index.php?rest_route=\/wp\/v2\/users\/3"}],"replies":[{"embeddable":true,"href":"https:\/\/www.diarioimagen.net\/index.php?rest_route=%2Fwp%2Fv2%2Fcomments&post=208756"}],"version-history":[{"count":0,"href":"https:\/\/www.diarioimagen.net\/index.php?rest_route=\/wp\/v2\/posts\/208756\/revisions"}],"wp:featuredmedia":[{"embeddable":true,"href":"https:\/\/www.diarioimagen.net\/index.php?rest_route=\/wp\/v2\/media\/208774"}],"wp:attachment":[{"href":"https:\/\/www.diarioimagen.net\/index.php?rest_route=%2Fwp%2Fv2%2Fmedia&parent=208756"}],"wp:term":[{"taxonomy":"category","embeddable":true,"href":"https:\/\/www.diarioimagen.net\/index.php?rest_route=%2Fwp%2Fv2%2Fcategories&post=208756"},{"taxonomy":"post_tag","embeddable":true,"href":"https:\/\/www.diarioimagen.net\/index.php?rest_route=%2Fwp%2Fv2%2Ftags&post=208756"}],"curies":[{"name":"wp","href":"https:\/\/api.w.org\/{rel}","templated":true}]}}