{"id":208865,"date":"2015-03-05T00:06:37","date_gmt":"2015-03-05T06:06:37","guid":{"rendered":"http:\/\/www.diarioimagen.net\/?p=208865"},"modified":"2015-03-06T06:13:24","modified_gmt":"2015-03-06T12:13:24","slug":"condenan-abusos-de-la-policia-en-eu","status":"publish","type":"post","link":"https:\/\/www.diarioimagen.net\/?p=208865","title":{"rendered":"Condenan abusos de la polic\u00eda en EU"},"content":{"rendered":"<h2>Arco Norte<\/h2>\n<h5>Jos\u00e9 Luis Monta\u00f1ez Aguilar<\/h5>\n<p>&nbsp;<\/p>\n<div id=\"attachment_208950\" style=\"width: 250px\" class=\"wp-caption alignleft\"><a href=\"http:\/\/www.diarioimagen.net\/?attachment_id=208950\" rel=\"attachment wp-att-208950\"><img loading=\"lazy\" decoding=\"async\" aria-describedby=\"caption-attachment-208950\" class=\"size-medium wp-image-208950\" src=\"http:\/\/www.diarioimagen.net\/wp-content\/uploads\/2015\/03\/arco-2563-240x168.jpg\" alt=\"El gobernador del Estado de M\u00e9xico, Eruviel \u00c1vila Villegas, iniciando el Programa de Bacheo 2015.\" width=\"240\" height=\"168\" srcset=\"https:\/\/www.diarioimagen.net\/wp-content\/uploads\/2015\/03\/arco-2563-240x168.jpg 240w, https:\/\/www.diarioimagen.net\/wp-content\/uploads\/2015\/03\/arco-2563-420x293.jpg 420w, https:\/\/www.diarioimagen.net\/wp-content\/uploads\/2015\/03\/arco-2563.jpg 700w\" sizes=\"auto, (max-width: 240px) 100vw, 240px\" \/><\/a><p id=\"caption-attachment-208950\" class=\"wp-caption-text\">El gobernador del Estado de M\u00e9xico, Eruviel \u00c1vila Villegas, iniciando el Programa de Bacheo 2015.<\/p><\/div>\n<p>Eruviel \u00c1vila Villegas se sum\u00f3 ayer al reclamo que canciller\u00eda mexicana hizo al gobierno estadounidense, por la muerte del mexicano Ernesto Javier Canepa D\u00edaz, quien perdi\u00f3 la vida el pasado 27 de febrero a consecuencia de disparos propinados por polic\u00edas de Santa Ana, California, y asegur\u00f3 que a trav\u00e9s de la Conferencia Nacional de Gobernadores (Conago) insistir\u00e1 en el respeto a los derechos fundamentales de los migrantes que radican en Estados Unidos. El gobernador se\u00f1al\u00f3 que \u201cEste tipo de actos nos generan una gran consternaci\u00f3n, una profunda consternaci\u00f3n y molestia a los mexicanos, porque no es correcto,\u00a0 no podemos tolerar ni aceptar el uso excesivo de la fuerza\u00a0 en contra de cualquier persona, pero mucho menos de gente inocente, gente indefensa, gente que lo que quiere es trabajar para sacar adelante a su familia, y que le aporta a la econom\u00eda de Estados Unidos\u201d, subray\u00f3. En gira de trabajo por Ray\u00f3n, donde puso en marcha el Programa Especial de Bacheo de Calles y Vialidades, adem\u00e1s de entregar instalaciones deportivas, educativas y de obra p\u00fablica, consider\u00f3 que lo preocupante es que esta situaci\u00f3n se suma a los homicidios de los connacionales Antonio Santana Montes y Rub\u00e9n Garc\u00eda Villalpando, quienes murieron en Washington y Texas, respectivamente, como consecuencia del uso excesivo de la fuerza de elementos policiales de esos estados. Asegur\u00f3 que en su car\u00e1cter de Coordinador de la Comisi\u00f3n de Asuntos Internacionales de la Conago, impulsar\u00e1 entre sus pares estadounidenses, la entrega de licencias y becas a migrantes, as\u00ed como que se reconozcan y respeten sus derechos humanos, para que se les apoye y se les trate con dignidad.<\/p>\n<p>&nbsp;<\/p>\n<p>&nbsp;<\/p>\n<p>&nbsp;<\/p>\n","protected":false},"excerpt":{"rendered":"<p><span style=\"color: #005497;\"><strong>Jos\u00e9 Luis Monta\u00f1ez Aguilar<\/strong><\/span><br \/>\n<br \/>\nEruviel \u00c1vila Villegas se sum\u00f3 ayer al reclamo que canciller\u00eda mexicana hizo al gobierno estadounidense, por la muerte del mexicano Ernesto Javier Canepa D\u00edaz, quien perdi\u00f3 la vida el pasado 27 de febrero a consecuencia de disparos propinados por polic\u00edas de Santa Ana, California, y asegur\u00f3 que a trav\u00e9s de la Conferencia Nacional de Gobernadores (Conago) insistir\u00e1 en el respeto a los derechos fundamentales de los migrantes que radican en Estados Unidos. <\/p>\n","protected":false},"author":3,"featured_media":208950,"comment_status":"open","ping_status":"open","sticky":false,"template":"","format":"standard","meta":{"_monsterinsights_skip_tracking":false,"_monsterinsights_sitenote_active":false,"_monsterinsights_sitenote_note":"","_monsterinsights_sitenote_category":0,"footnotes":""},"categories":[5],"tags":[13284,43704,43674],"class_list":["post-208865","post","type-post","status-publish","format-standard","has-post-thumbnail","hentry","category-estado-de-mexico","tag-arco-norte","tag-jose-luis-montanez-aguilar","tag-opinion"],"_links":{"self":[{"href":"https:\/\/www.diarioimagen.net\/index.php?rest_route=\/wp\/v2\/posts\/208865","targetHints":{"allow":["GET"]}}],"collection":[{"href":"https:\/\/www.diarioimagen.net\/index.php?rest_route=\/wp\/v2\/posts"}],"about":[{"href":"https:\/\/www.diarioimagen.net\/index.php?rest_route=\/wp\/v2\/types\/post"}],"author":[{"embeddable":true,"href":"https:\/\/www.diarioimagen.net\/index.php?rest_route=\/wp\/v2\/users\/3"}],"replies":[{"embeddable":true,"href":"https:\/\/www.diarioimagen.net\/index.php?rest_route=%2Fwp%2Fv2%2Fcomments&post=208865"}],"version-history":[{"count":0,"href":"https:\/\/www.diarioimagen.net\/index.php?rest_route=\/wp\/v2\/posts\/208865\/revisions"}],"wp:featuredmedia":[{"embeddable":true,"href":"https:\/\/www.diarioimagen.net\/index.php?rest_route=\/wp\/v2\/media\/208950"}],"wp:attachment":[{"href":"https:\/\/www.diarioimagen.net\/index.php?rest_route=%2Fwp%2Fv2%2Fmedia&parent=208865"}],"wp:term":[{"taxonomy":"category","embeddable":true,"href":"https:\/\/www.diarioimagen.net\/index.php?rest_route=%2Fwp%2Fv2%2Fcategories&post=208865"},{"taxonomy":"post_tag","embeddable":true,"href":"https:\/\/www.diarioimagen.net\/index.php?rest_route=%2Fwp%2Fv2%2Ftags&post=208865"}],"curies":[{"name":"wp","href":"https:\/\/api.w.org\/{rel}","templated":true}]}}