{"id":208867,"date":"2015-03-05T00:10:03","date_gmt":"2015-03-05T06:10:03","guid":{"rendered":"http:\/\/www.diarioimagen.net\/?p=208867"},"modified":"2015-03-05T05:19:02","modified_gmt":"2015-03-05T11:19:02","slug":"en-marcha-programa-para-dar-mantenimiento-a-mil-500-vialidades","status":"publish","type":"post","link":"https:\/\/www.diarioimagen.net\/?p=208867","title":{"rendered":"En marcha, programa para dar mantenimiento a mil 500 vialidades"},"content":{"rendered":"<ul>\n<li><strong><em>Inversi\u00f3n superior a los 250 millones de pesos<\/em><\/strong><\/li>\n<\/ul>\n<h6>Redacci\u00f3n<\/h6>\n<p>&nbsp;<\/p>\n<div id=\"attachment_208955\" style=\"width: 250px\" class=\"wp-caption alignleft\"><a href=\"http:\/\/www.diarioimagen.net\/?attachment_id=208955\" rel=\"attachment wp-att-208955\"><img loading=\"lazy\" decoding=\"async\" aria-describedby=\"caption-attachment-208955\" class=\"size-medium wp-image-208955\" src=\"http:\/\/www.diarioimagen.net\/wp-content\/uploads\/2015\/03\/eruviel-2563-240x161.jpg\" alt=\"El gobernador Eruviel \u00c1vila\u00a0entregando Acciones Por la Educaci\u00f3n.\" width=\"240\" height=\"161\" srcset=\"https:\/\/www.diarioimagen.net\/wp-content\/uploads\/2015\/03\/eruviel-2563-240x161.jpg 240w, https:\/\/www.diarioimagen.net\/wp-content\/uploads\/2015\/03\/eruviel-2563-420x282.jpg 420w, https:\/\/www.diarioimagen.net\/wp-content\/uploads\/2015\/03\/eruviel-2563.jpg 960w\" sizes=\"auto, (max-width: 240px) 100vw, 240px\" \/><\/a><p id=\"caption-attachment-208955\" class=\"wp-caption-text\">El gobernador Eruviel \u00c1vila\u00a0entregando Acciones Por la Educaci\u00f3n.<\/p><\/div>\n<p>Al entregar la primera etapa del Centro Regional de Detecci\u00f3n y Desarrollo de Talentos Deportivos, el estadio de futbol \u201cV\u00edctor D\u00edaz Leal\u201d y una biblioteca digital en beneficio de los habitantes de Ray\u00f3n, el gobernador Eruviel \u00c1vila Villegas puso en marcha el Programa Especial de Bacheo de Calles y Vialidades, mediante el cual se dar\u00e1 mantenimiento a mil 500 arterias de jurisdicci\u00f3n municipal, en diversas regiones del Estado de M\u00e9xico, con una inversi\u00f3n superior a los 250 millones de pesos.<\/p>\n<p>\u201cEstamos anunciando la pavimentaci\u00f3n, repavimentaci\u00f3n, bacheo, mantenimiento de mil 500 calles en todo el Estado de M\u00e9xico, con una inversi\u00f3n de m\u00e1s de 250 millones de pesos. Para poder atender estas obras se van a requerir m\u00e1s de 80 mil toneladas de mezcla asf\u00e1ltica, de cemento, de agregados, para poder llevar a cabo estas obras y la gente tenga calles dignas, calles decorosas\u201d, explic\u00f3.<\/p>\n<p>En la Unidad Deportiva Dionicio Cer\u00f3n, en el municipio de Ray\u00f3n, el titular del Ejecutivo explic\u00f3 que las calles incluidas en este programa fueron seleccionadas por autoridades municipales y por la sociedad, asimismo destac\u00f3 que son vialidades donde se presenta mayor concurrencia, como las inmediaciones de planteles educativos, hospitales o mercados, pero a \u00e9stas se suman las acciones de mantenimiento que se realizan en el resto de arterias.<\/p>\n<p>Asimismo, coment\u00f3 que este programa fue implementado tambi\u00e9n como respuesta a las peticiones\u00a0 hechas en comit\u00e9s comunitarios, por\u00a0 lo que exhorto a los integrantes de los mismos a supervisar los trabajos de mantenimiento, y as\u00ed puedan tener calles apropiadas que cumplan con sus expectativas. De igual forma, reconoci\u00f3 a estas asociaciones ciudadanas por el esfuerzo y el tiempo que dedican a mejorar sus localidades sin recibir alguna retribuci\u00f3n econ\u00f3mica.<\/p>\n<p>Eruviel \u00c1vila garantiz\u00f3 que su administraci\u00f3n seguir\u00e1 trabajando en coordinaci\u00f3n con el Gobierno de la Rep\u00fablica, para impulsar la construcci\u00f3n y el mejoramiento de infraestructura que redunde en beneficios para los mexiquenses, ya que afirm\u00f3 que con este tipo de acciones se mejoran las condiciones de vida de las personas.<\/p>\n<p>Por su parte, el secretario de Comunicaciones, Apolinar Mena Vargas, dijo que el Estado de M\u00e9xico es la entidad\u00a0 con mayor densidad carretera y la mejor comunicada del pa\u00eds, por lo que asegur\u00f3 que este programa se suma a los trabajos de mantenimiento que se efect\u00faan permanentemente en la entidad, para tener carreteras en condiciones \u00f3ptimas.<\/p>\n<p>Agreg\u00f3 que durante la actual administraci\u00f3n, la infraestructura vial estatal se ha incrementado en 13.4 por ciento\u00a0 en relaci\u00f3n con el a\u00f1o 2012, de tal forma que hoy en d\u00eda la red carretera est\u00e1 conformada por 16 mil 506 kil\u00f3metros.<\/p>\n<p>En este evento, donde estuvo acompa\u00f1ado por el alcalde de Ray\u00f3n Erick Cedillo Hinojosa, el gobernador entreg\u00f3 la primera etapa del Centro Regional de Detecci\u00f3n y Desarrollo de Talentos Deportivos, espacio que cuenta con gimnasio de box y lucha, pista oficial de atletismo con superficie de tart\u00e1n, una cancha de front\u00f3n profesional\u00a0 y dos m\u00e1s de futbol con pasto sint\u00e9tico y dos canchas basquetbol, con una inversi\u00f3n cercana a los 30 millones de pesos, y se avanza en la construcci\u00f3n de una alberca semi-ol\u00edmpica.<\/p>\n<p>Adem\u00e1s, inaugur\u00f3 la remodelaci\u00f3n de la biblioteca municipal que se convirti\u00f3\u00a0 en digital, para ofrecer a los estudiantes un espacio renovado y adecuado para realizar sus investigaciones y tareas, cuyo costo alcanz\u00f3 los 3 millones de pesos. Tambi\u00e9n el gobierno estatal apoy\u00f3 a este ayuntamiento para remodelar las fachadas de los inmuebles ubicados en la cabecera municipal y con ello mejorar la imagen urbana de esta localidad.<\/p>\n<p>Al finalizar este evento, los m\u00e1s de 4 mil asistentes recibieron un vale para estudios m\u00e9dicos especializados, un botiqu\u00edn de primeros auxilios, una canasta alimentaria y un paquete con 10 focos ahorradores, en apoyo de su econom\u00eda.<\/p>\n","protected":false},"excerpt":{"rendered":"<p>Al entregar la primera etapa del Centro Regional de Detecci\u00f3n y Desarrollo de Talentos Deportivos, el estadio de<\/p>\n","protected":false},"author":3,"featured_media":208955,"comment_status":"open","ping_status":"open","sticky":false,"template":"","format":"standard","meta":{"_monsterinsights_skip_tracking":false,"_monsterinsights_sitenote_active":false,"_monsterinsights_sitenote_note":"","_monsterinsights_sitenote_category":0,"footnotes":""},"categories":[5],"tags":[5828,43675],"class_list":["post-208867","post","type-post","status-publish","format-standard","has-post-thumbnail","hentry","category-estado-de-mexico","tag-eruviel-avila-villegas","tag-estado-de-mexico"],"_links":{"self":[{"href":"https:\/\/www.diarioimagen.net\/index.php?rest_route=\/wp\/v2\/posts\/208867","targetHints":{"allow":["GET"]}}],"collection":[{"href":"https:\/\/www.diarioimagen.net\/index.php?rest_route=\/wp\/v2\/posts"}],"about":[{"href":"https:\/\/www.diarioimagen.net\/index.php?rest_route=\/wp\/v2\/types\/post"}],"author":[{"embeddable":true,"href":"https:\/\/www.diarioimagen.net\/index.php?rest_route=\/wp\/v2\/users\/3"}],"replies":[{"embeddable":true,"href":"https:\/\/www.diarioimagen.net\/index.php?rest_route=%2Fwp%2Fv2%2Fcomments&post=208867"}],"version-history":[{"count":0,"href":"https:\/\/www.diarioimagen.net\/index.php?rest_route=\/wp\/v2\/posts\/208867\/revisions"}],"wp:featuredmedia":[{"embeddable":true,"href":"https:\/\/www.diarioimagen.net\/index.php?rest_route=\/wp\/v2\/media\/208955"}],"wp:attachment":[{"href":"https:\/\/www.diarioimagen.net\/index.php?rest_route=%2Fwp%2Fv2%2Fmedia&parent=208867"}],"wp:term":[{"taxonomy":"category","embeddable":true,"href":"https:\/\/www.diarioimagen.net\/index.php?rest_route=%2Fwp%2Fv2%2Fcategories&post=208867"},{"taxonomy":"post_tag","embeddable":true,"href":"https:\/\/www.diarioimagen.net\/index.php?rest_route=%2Fwp%2Fv2%2Ftags&post=208867"}],"curies":[{"name":"wp","href":"https:\/\/api.w.org\/{rel}","templated":true}]}}