{"id":208949,"date":"2015-03-05T00:08:14","date_gmt":"2015-03-05T06:08:14","guid":{"rendered":"http:\/\/www.diarioimagen.net\/?p=208949"},"modified":"2015-03-05T06:04:06","modified_gmt":"2015-03-05T12:04:06","slug":"barsa-a-la-final-de-la-copa-del-rey","status":"publish","type":"post","link":"https:\/\/www.diarioimagen.net\/?p=208949","title":{"rendered":"Barsa, a la final de la Copa del Rey"},"content":{"rendered":"<ul>\n<li><em><strong>Gan\u00f3 3-1 en el estadio del Villarreal<\/strong><\/em><\/li>\n<\/ul>\n<p>&nbsp;<\/p>\n<div id=\"attachment_209000\" style=\"width: 250px\" class=\"wp-caption alignleft\"><a href=\"http:\/\/www.diarioimagen.net\/?attachment_id=209000\" rel=\"attachment wp-att-209000\"><img loading=\"lazy\" decoding=\"async\" aria-describedby=\"caption-attachment-209000\" class=\"size-medium wp-image-209000\" src=\"http:\/\/www.diarioimagen.net\/wp-content\/uploads\/2015\/03\/deportes-2563-240x135.jpg\" alt=\"As\u00ed remat\u00f3 el mexicano Jonathan dos Santos, para hacer el \u00fanico tanto del Submarino.\" width=\"240\" height=\"135\" srcset=\"https:\/\/www.diarioimagen.net\/wp-content\/uploads\/2015\/03\/deportes-2563-240x135.jpg 240w, https:\/\/www.diarioimagen.net\/wp-content\/uploads\/2015\/03\/deportes-2563-420x236.jpg 420w, https:\/\/www.diarioimagen.net\/wp-content\/uploads\/2015\/03\/deportes-2563.jpg 480w, https:\/\/www.diarioimagen.net\/wp-content\/uploads\/2015\/03\/deportes-2563-235x132.jpg 235w, https:\/\/www.diarioimagen.net\/wp-content\/uploads\/2015\/03\/deportes-2563-202x114.jpg 202w, https:\/\/www.diarioimagen.net\/wp-content\/uploads\/2015\/03\/deportes-2563-350x196.jpg 350w, https:\/\/www.diarioimagen.net\/wp-content\/uploads\/2015\/03\/deportes-2563-220x123.jpg 220w, https:\/\/www.diarioimagen.net\/wp-content\/uploads\/2015\/03\/deportes-2563-237x132.jpg 237w\" sizes=\"auto, (max-width: 240px) 100vw, 240px\" \/><\/a><p id=\"caption-attachment-209000\" class=\"wp-caption-text\">As\u00ed remat\u00f3 el mexicano Jonathan dos Santos, para hacer el \u00fanico tanto del Submarino.<\/p><\/div>\n<p>El Barcelona gan\u00f3 3-1 al Villarreal con doblete del brasile\u00f1o Neymar y gol del uruguayo Luis Su\u00e1rez, en la Vuelta de Semifinales de la Copa del Rey, por lo que jugar\u00e1 por el t\u00edtulo el 30 de mayo con el ganador del Espanyol-Athletic.<\/p>\n<p>Neymar abri\u00f3 el marcador en el minuto 3 y el mexicano Jonathan Dos Santos igual\u00f3 en el 39\u2019. Su\u00e1rez hizo el 2-1 en el 73\u2019 ante un Villarreal que en el minuto 64 sufri\u00f3 la expulsi\u00f3n por roja directa de Tom\u00e1s Pina. El internacional brasile\u00f1o marc\u00f3 el tercero en el 87\u2019.<\/p>\n<p>En la final el Barcelona jugar\u00e1 con el vencedor de la semifinal entre el Espanyol y el Athletic, cuyo duelo de vuelta se juega este mi\u00e9rcoles en la capital catalana despu\u00e9s de haber empatado 1-1 en Bilbao.<\/p>\n<p>Giovani dos Santos ingres\u00f3 al 63\u2019 pero nada pudo hacer para evitar el descalabro.<\/p>\n<p>En la primera llegada del Barcelona, Su\u00e1rez, desde la posici\u00f3n de extremo izquierdo, centr\u00f3 para que Lionel Messi se hiciera con el bal\u00f3n en la derecha. El argentino encontr\u00f3 al espacio a Neymar, que de primeras elev\u00f3 a las mallas ante el arquero Sergio Asenjo.<\/p>\n<p>A pesar del golpe inicial, que le obligaba a marcar tres goles para igualar la eliminatoria, el Villarreal lleg\u00f3 con mucha facilidad a la porter\u00eda del Barcelona en el primer tramo del partido, con cinco acercamientos en 20 minutos.<\/p>\n<p>La segunda ocasi\u00f3n azulgrana lleg\u00f3 en el 25\u2019, en una jugada muy parecida a la del primer gol. Messi sirvi\u00f3 desde la derecha a la diagonal de Andr\u00e9s Iniesta, pero el internacional espa\u00f1ol se top\u00f3 con el argentino Mateo Musacchio.<\/p>\n<p>Con el Villarreal menos incisivo lleg\u00f3 el empate. En una acci\u00f3n aislada el ex azulgrana Jonathan Dos Santos apareci\u00f3 en el segundo palo para rematar a gol un centro de Jaume Costa desde la izquierda. En esta jugada se lesion\u00f3 Sergio Busquets.<\/p>\n<p>En el 64\u2019, Tom\u00e1s Pina, protagonista de varias acciones violentas, vio la tarjeta roja despu\u00e9s de una dur\u00edsima entrada a Neymar, que pudo continuar el partido.<\/p>\n<p>Con uno menos, el Villarreal, que hab\u00eda dispuesto de alguna ocasi\u00f3n en la segunda mitad atajada por el arquero alem\u00e1n Andr\u00e9 Ter Stegen, lo tuvo m\u00e1s dif\u00edcil ante un Barcelona que pas\u00f3 a controlar el partido.<\/p>\n<p>En el 68\u2019 Iniesta, desde la posici\u00f3n de mediapunta, encontr\u00f3 a Su\u00e1rez, que tir\u00f3 un gran desmarque pero dispar\u00f3 fuera. Tres minutos m\u00e1s tarde Neymar volvi\u00f3 a pecar de individualista y se top\u00f3 con Asenjo.<\/p>\n<p>Finalmente en el 72\u2019 lleg\u00f3 la sentencia. Su\u00e1rez gan\u00f3 en potencia y velocidad a la defensa tras un pase del argentino Javier Mascherano e hizo el 2-1.<\/p>\n","protected":false},"excerpt":{"rendered":"<p>El Barcelona gan\u00f3 3-1 al Villarreal con doblete del brasile\u00f1o Neymar y gol del uruguayo Luis Su\u00e1rez, en la Vuelta de Semifinales de la Copa del Rey, por lo que jugar\u00e1 por el t\u00edtulo el 30 de mayo con el ganador del Espanyol-Athletic.<\/p>\n","protected":false},"author":3,"featured_media":209000,"comment_status":"open","ping_status":"open","sticky":false,"template":"","format":"standard","meta":{"_monsterinsights_skip_tracking":false,"_monsterinsights_sitenote_active":false,"_monsterinsights_sitenote_note":"","_monsterinsights_sitenote_category":0,"footnotes":""},"categories":[10],"tags":[671,43680],"class_list":["post-208949","post","type-post","status-publish","format-standard","has-post-thumbnail","hentry","category-deportes","tag-barcelona","tag-deportes"],"_links":{"self":[{"href":"https:\/\/www.diarioimagen.net\/index.php?rest_route=\/wp\/v2\/posts\/208949","targetHints":{"allow":["GET"]}}],"collection":[{"href":"https:\/\/www.diarioimagen.net\/index.php?rest_route=\/wp\/v2\/posts"}],"about":[{"href":"https:\/\/www.diarioimagen.net\/index.php?rest_route=\/wp\/v2\/types\/post"}],"author":[{"embeddable":true,"href":"https:\/\/www.diarioimagen.net\/index.php?rest_route=\/wp\/v2\/users\/3"}],"replies":[{"embeddable":true,"href":"https:\/\/www.diarioimagen.net\/index.php?rest_route=%2Fwp%2Fv2%2Fcomments&post=208949"}],"version-history":[{"count":0,"href":"https:\/\/www.diarioimagen.net\/index.php?rest_route=\/wp\/v2\/posts\/208949\/revisions"}],"wp:featuredmedia":[{"embeddable":true,"href":"https:\/\/www.diarioimagen.net\/index.php?rest_route=\/wp\/v2\/media\/209000"}],"wp:attachment":[{"href":"https:\/\/www.diarioimagen.net\/index.php?rest_route=%2Fwp%2Fv2%2Fmedia&parent=208949"}],"wp:term":[{"taxonomy":"category","embeddable":true,"href":"https:\/\/www.diarioimagen.net\/index.php?rest_route=%2Fwp%2Fv2%2Fcategories&post=208949"},{"taxonomy":"post_tag","embeddable":true,"href":"https:\/\/www.diarioimagen.net\/index.php?rest_route=%2Fwp%2Fv2%2Ftags&post=208949"}],"curies":[{"name":"wp","href":"https:\/\/api.w.org\/{rel}","templated":true}]}}