{"id":209062,"date":"2015-03-06T00:13:18","date_gmt":"2015-03-06T06:13:18","guid":{"rendered":"http:\/\/www.diarioimagen.net\/?p=209062"},"modified":"2015-03-06T04:34:21","modified_gmt":"2015-03-06T10:34:21","slug":"se-recuperan-espacios-para-mexiquenses","status":"publish","type":"post","link":"https:\/\/www.diarioimagen.net\/?p=209062","title":{"rendered":"Se recuperan espacios para mexiquenses"},"content":{"rendered":"<h2>Arco Norte<\/h2>\n<h5>Jos\u00e9 Luis Monta\u00f1ez Aguilar<\/h5>\n<p>&nbsp;<\/p>\n<div id=\"attachment_209150\" style=\"width: 250px\" class=\"wp-caption alignleft\"><a href=\"http:\/\/www.diarioimagen.net\/?attachment_id=209150\" rel=\"attachment wp-att-209150\"><img loading=\"lazy\" decoding=\"async\" aria-describedby=\"caption-attachment-209150\" class=\"wp-image-209150 size-medium\" src=\"http:\/\/www.diarioimagen.net\/wp-content\/uploads\/2015\/03\/arco-2564-240x135.jpg\" alt=\"Entregando Acciones Para la Mujer e Inaugurando la Plaza Estado de M\u00e9xico.\" width=\"240\" height=\"135\" srcset=\"https:\/\/www.diarioimagen.net\/wp-content\/uploads\/2015\/03\/arco-2564-240x135.jpg 240w, https:\/\/www.diarioimagen.net\/wp-content\/uploads\/2015\/03\/arco-2564-420x236.jpg 420w, https:\/\/www.diarioimagen.net\/wp-content\/uploads\/2015\/03\/arco-2564.jpg 480w, https:\/\/www.diarioimagen.net\/wp-content\/uploads\/2015\/03\/arco-2564-235x132.jpg 235w, https:\/\/www.diarioimagen.net\/wp-content\/uploads\/2015\/03\/arco-2564-202x114.jpg 202w, https:\/\/www.diarioimagen.net\/wp-content\/uploads\/2015\/03\/arco-2564-350x196.jpg 350w, https:\/\/www.diarioimagen.net\/wp-content\/uploads\/2015\/03\/arco-2564-220x123.jpg 220w, https:\/\/www.diarioimagen.net\/wp-content\/uploads\/2015\/03\/arco-2564-237x132.jpg 237w\" sizes=\"auto, (max-width: 240px) 100vw, 240px\" \/><\/a><p id=\"caption-attachment-209150\" class=\"wp-caption-text\">El gobernador Eruviel \u00c1vila Villegas, acompa\u00f1ado del subsecretario de Desarrollo Social y Humano, Ernesto Nemer \u00c1lvarez, entregando Acciones Para la Mujer e Inaugurando la Plaza Estado de M\u00e9xico.<\/p><\/div>\n<p>El gobernador Eruviel \u00c1vila Villegas, acompa\u00f1ado del subsecretario de Desarrollo Social y Humano, Ernesto Nemer \u00c1lvarez, inaugur\u00f3 en Metepec la Plaza Estado de M\u00e9xico n\u00famero 50 en el territorio estatal y asegur\u00f3 que para este a\u00f1o se llegar\u00e1 a 100 espacios de este tipo. Durante la entrega de las 10 Acciones para la Mujer, en beneficio de m\u00e1s de 10 mil mexiquenses del Valle de Toluca el mandatario se\u00f1al\u00f3 que: \u201cHoy estamos formalmente inaugurando la Plaza Estado de M\u00e9xico n\u00famero 50 y est\u00e1n en proceso constructivo otras 50 para completar 100 este mismo a\u00f1o 2015, y se suman estas plazas a los m\u00e1s de 200 espacios p\u00fablicos que hemos recuperado, que antes eran nidos de delincuentes y ahora los hemos transformado para que tengan los ni\u00f1os, las ni\u00f1as, los adultos mayores, las personas con discapacidad, espacios dignos para poder hacer deporte\u201d. La Plaza Estado de M\u00e9xico de Metepec cuenta con una pista de skateboard, cancha de futbol con pasto sint\u00e9tico, juegos para personas con discapacidad, m\u00e1quinas de ejercicios para adultos mayores, dos m\u00f3dulos de juegos infantiles, una ciclopista, una trotapista, entre otros, y tuvo una inversi\u00f3n superior a los 8 millones de pesos. \u00c1vila Villegas agradeci\u00f3 el apoyo brindado por Ernesto Nemer para que los programas de la Secretar\u00eda de Desarrollo Social (Sedesol) se aterricen y se concreten en el Edomex, como lo son los mil 300 comedores comunitarios, donde se desempe\u00f1an m\u00e1s de 6 mil voluntarias, y dio a conocer que la administraci\u00f3n estatal otorgar\u00e1 a estos espacios refrigeradores, hornos de microondas, licuadoras de cinco litros, sillas, arroceras, ollas expr\u00e9s, juegos de platos, vasos y cubiertos, tinacos, entre otros accesorios que permitir\u00e1n brindar un mejor servicio.<\/p>\n<p><em><a href=\"mailto:montanezaguilar@gmail.com\" target=\"_blank\">montanezaguilar@gmail.com<\/a><\/em><\/p>\n","protected":false},"excerpt":{"rendered":"<p><span style=\"color: #005497;\"><strong>Jos\u00e9 Luis Monta\u00f1ez Aguilar<\/strong><\/span><br \/>\n<br \/>\nEl gobernador Eruviel \u00c1vila Villegas, acompa\u00f1ado del subsecretario de Desarrollo Social y Humano, Ernesto Nemer \u00c1lvarez, inaugur\u00f3 en Metepec la Plaza Estado de M\u00e9xico n\u00famero 50 en el territorio estatal y asegur\u00f3 que para este a\u00f1o se llegar\u00e1 a 100 espacios de este tipo. <\/p>\n","protected":false},"author":3,"featured_media":209150,"comment_status":"open","ping_status":"open","sticky":false,"template":"","format":"standard","meta":{"_monsterinsights_skip_tracking":false,"_monsterinsights_sitenote_active":false,"_monsterinsights_sitenote_note":"","_monsterinsights_sitenote_category":0,"footnotes":""},"categories":[5],"tags":[13284,5828,43704,43674],"class_list":["post-209062","post","type-post","status-publish","format-standard","has-post-thumbnail","hentry","category-estado-de-mexico","tag-arco-norte","tag-eruviel-avila-villegas","tag-jose-luis-montanez-aguilar","tag-opinion"],"_links":{"self":[{"href":"https:\/\/www.diarioimagen.net\/index.php?rest_route=\/wp\/v2\/posts\/209062","targetHints":{"allow":["GET"]}}],"collection":[{"href":"https:\/\/www.diarioimagen.net\/index.php?rest_route=\/wp\/v2\/posts"}],"about":[{"href":"https:\/\/www.diarioimagen.net\/index.php?rest_route=\/wp\/v2\/types\/post"}],"author":[{"embeddable":true,"href":"https:\/\/www.diarioimagen.net\/index.php?rest_route=\/wp\/v2\/users\/3"}],"replies":[{"embeddable":true,"href":"https:\/\/www.diarioimagen.net\/index.php?rest_route=%2Fwp%2Fv2%2Fcomments&post=209062"}],"version-history":[{"count":0,"href":"https:\/\/www.diarioimagen.net\/index.php?rest_route=\/wp\/v2\/posts\/209062\/revisions"}],"wp:featuredmedia":[{"embeddable":true,"href":"https:\/\/www.diarioimagen.net\/index.php?rest_route=\/wp\/v2\/media\/209150"}],"wp:attachment":[{"href":"https:\/\/www.diarioimagen.net\/index.php?rest_route=%2Fwp%2Fv2%2Fmedia&parent=209062"}],"wp:term":[{"taxonomy":"category","embeddable":true,"href":"https:\/\/www.diarioimagen.net\/index.php?rest_route=%2Fwp%2Fv2%2Fcategories&post=209062"},{"taxonomy":"post_tag","embeddable":true,"href":"https:\/\/www.diarioimagen.net\/index.php?rest_route=%2Fwp%2Fv2%2Ftags&post=209062"}],"curies":[{"name":"wp","href":"https:\/\/api.w.org\/{rel}","templated":true}]}}