{"id":209076,"date":"2015-03-06T00:08:06","date_gmt":"2015-03-06T06:08:06","guid":{"rendered":"http:\/\/www.diarioimagen.net\/?p=209076"},"modified":"2015-03-06T05:29:56","modified_gmt":"2015-03-06T11:29:56","slug":"incautaron-mas-de-6-millones-de-productos-apocrifos-en-2014","status":"publish","type":"post","link":"https:\/\/www.diarioimagen.net\/?p=209076","title":{"rendered":"Incautaron m\u00e1s de 6 millones de productos ap\u00f3crifos en 2014"},"content":{"rendered":"<ul>\n<li><strong><em>Represent\u00f3 una p\u00e9rdida de casi 18 mdp para el comercio ilegal<\/em><\/strong><\/li>\n<\/ul>\n<div id=\"attachment_209176\" style=\"width: 250px\" class=\"wp-caption alignleft\"><a href=\"http:\/\/www.diarioimagen.net\/?attachment_id=209176\" rel=\"attachment wp-att-209176\"><img loading=\"lazy\" decoding=\"async\" aria-describedby=\"caption-attachment-209176\" class=\"size-medium wp-image-209176\" src=\"http:\/\/www.diarioimagen.net\/wp-content\/uploads\/2015\/03\/PIRATERIA-2564-240x135.jpg\" alt=\"Miguel \u00c1ngel Marg\u00e1in, director general del IMPI, ofreci\u00f3 una conferencia de prensa sobre \u201cAcciones relevantes en materia de protecci\u00f3n a la propiedad industrial\u201d.\" width=\"240\" height=\"135\" srcset=\"https:\/\/www.diarioimagen.net\/wp-content\/uploads\/2015\/03\/PIRATERIA-2564-240x135.jpg 240w, https:\/\/www.diarioimagen.net\/wp-content\/uploads\/2015\/03\/PIRATERIA-2564-420x236.jpg 420w, https:\/\/www.diarioimagen.net\/wp-content\/uploads\/2015\/03\/PIRATERIA-2564.jpg 480w, https:\/\/www.diarioimagen.net\/wp-content\/uploads\/2015\/03\/PIRATERIA-2564-235x132.jpg 235w, https:\/\/www.diarioimagen.net\/wp-content\/uploads\/2015\/03\/PIRATERIA-2564-202x114.jpg 202w, https:\/\/www.diarioimagen.net\/wp-content\/uploads\/2015\/03\/PIRATERIA-2564-350x196.jpg 350w, https:\/\/www.diarioimagen.net\/wp-content\/uploads\/2015\/03\/PIRATERIA-2564-220x123.jpg 220w, https:\/\/www.diarioimagen.net\/wp-content\/uploads\/2015\/03\/PIRATERIA-2564-237x132.jpg 237w\" sizes=\"auto, (max-width: 240px) 100vw, 240px\" \/><\/a><p id=\"caption-attachment-209176\" class=\"wp-caption-text\">Miguel \u00c1ngel Marg\u00e1in, director general del IMPI, ofreci\u00f3 una conferencia de prensa sobre \u201cAcciones relevantes en materia de protecci\u00f3n a la propiedad industrial\u201d.<\/p><\/div>\n<p>El a\u00f1o pasado se decomisaron m\u00e1s de 6 millones de productos ap\u00f3crifos, lo que represent\u00f3 una p\u00e9rdida de casi 18 millones de pesos para el comercio ilegal, inform\u00f3 Eduardo S\u00e1nchez, vocero de la Presidencia de la Rep\u00fablica.<\/p>\n<p>En conferencia de prensa con Miguel \u00c1ngel Marg\u00e1in, director general del Instituto Mexicano de la Propiedad Industrial (IMPI), dijo que \u201cbrindar seguridad jur\u00eddica a la inversi\u00f3n es condici\u00f3n indispensable para que la econom\u00eda mexicana aproveche al m\u00e1ximo su potencial\u201d.<\/p>\n<p>El vocero subray\u00f3 que ese organismo facilita su registro a los inventores, a los productores de f\u00f3rmulas y a los creadores de marca, mediante un entorno simple y accesible.<\/p>\n<p>En ese sentido coment\u00f3 que el a\u00f1o pasado otorg\u00f3 m\u00e1s de 14 mil patentes y registros, dos terceras partes de las que se concedieron en latinoam\u00e9rica.<\/p>\n<p>Destac\u00f3 que el instituto promueve la denominaci\u00f3n de origen para productos netamente mexicanos a fin de que sean reconocidos en el extranjero, que hasta el momento suman 14, entre los que destaca el tequila.<\/p>\n<p style=\"text-align: center;\"><strong>Amplia presencia<\/strong><\/p>\n<p>El funcionario destac\u00f3 que esa bebida tiene amplia presencia en el mercado chino, pues las exportaciones al pa\u00eds asi\u00e1tico se duplicaron en 2014 y se espera que en los pr\u00f3ximos cinco a\u00f1os crezcan cinco veces.<\/p>\n<p>A su vez, el director del IMPI dio a conocer que los productos que m\u00e1s se falsifican son los de audio, video y marcas de ropa deportiva y descart\u00f3 que los art\u00edculos decomisados vuelvan al comercio informal.<\/p>\n<p>Miguel \u00c1ngel Marg\u00e1in explic\u00f3 que para la destrucci\u00f3n de ese material se sigue un procedimiento espec\u00edfico y en algunas ocasiones queda bajo resguardo de las autoridades aduaneras y de la Procuradur\u00eda General de la Rep\u00fablica (PGR).<\/p>\n<p>En lo que se refiere al registro de patentes, dijo que se observa tendencia al alza y remarc\u00f3 que en 2014 se otorgaron 14 mil.<\/p>\n<p>En el rubro de solicitudes de patente mencion\u00f3 que en M\u00e9xico las invenciones mec\u00e1nicas y el\u00e9ctricas encabezan la lista, mientras que en el tema de las patentes destacan las biotecnol\u00f3gicas y las farmacobiol\u00f3gicas.<\/p>\n<p>El director del IMPI remarc\u00f3 que M\u00e9xico es el pa\u00eds m\u00e1s r\u00e1pido para el tr\u00e1mite de registro de marca, con un promedio de entre cuatro y seis meses, y de 1.5 meses cuando se realiza en l\u00ednea.<\/p>\n<p>Detall\u00f3 que en 2014 alcanz\u00f3 la cifra hist\u00f3rica de 125 mil solicitudes en ese rubro, en tanto que el registro de una patente dura entre ocho y 12 meses.<\/p>\n","protected":false},"excerpt":{"rendered":"<p>El a\u00f1o pasado se decomisaron m\u00e1s de 6 millones de productos ap\u00f3crifos, lo que represent\u00f3 una p\u00e9rdida de casi 18 millones de pesos para el comercio ilegal, inform\u00f3 Eduardo S\u00e1nchez, vocero de la Presidencia de la Rep\u00fablica.<\/p>\n","protected":false},"author":3,"featured_media":209176,"comment_status":"open","ping_status":"open","sticky":false,"template":"","format":"standard","meta":{"_monsterinsights_skip_tracking":false,"_monsterinsights_sitenote_active":false,"_monsterinsights_sitenote_note":"","_monsterinsights_sitenote_category":0,"footnotes":""},"categories":[3],"tags":[24057,20086,24058,43673,39540],"class_list":["post-209076","post","type-post","status-publish","format-standard","has-post-thumbnail","hentry","category-nacional","tag-impi","tag-incautan","tag-instituto-mexicano-de-la-propiedad-industrial","tag-nacional","tag-productos"],"_links":{"self":[{"href":"https:\/\/www.diarioimagen.net\/index.php?rest_route=\/wp\/v2\/posts\/209076","targetHints":{"allow":["GET"]}}],"collection":[{"href":"https:\/\/www.diarioimagen.net\/index.php?rest_route=\/wp\/v2\/posts"}],"about":[{"href":"https:\/\/www.diarioimagen.net\/index.php?rest_route=\/wp\/v2\/types\/post"}],"author":[{"embeddable":true,"href":"https:\/\/www.diarioimagen.net\/index.php?rest_route=\/wp\/v2\/users\/3"}],"replies":[{"embeddable":true,"href":"https:\/\/www.diarioimagen.net\/index.php?rest_route=%2Fwp%2Fv2%2Fcomments&post=209076"}],"version-history":[{"count":0,"href":"https:\/\/www.diarioimagen.net\/index.php?rest_route=\/wp\/v2\/posts\/209076\/revisions"}],"wp:featuredmedia":[{"embeddable":true,"href":"https:\/\/www.diarioimagen.net\/index.php?rest_route=\/wp\/v2\/media\/209176"}],"wp:attachment":[{"href":"https:\/\/www.diarioimagen.net\/index.php?rest_route=%2Fwp%2Fv2%2Fmedia&parent=209076"}],"wp:term":[{"taxonomy":"category","embeddable":true,"href":"https:\/\/www.diarioimagen.net\/index.php?rest_route=%2Fwp%2Fv2%2Fcategories&post=209076"},{"taxonomy":"post_tag","embeddable":true,"href":"https:\/\/www.diarioimagen.net\/index.php?rest_route=%2Fwp%2Fv2%2Ftags&post=209076"}],"curies":[{"name":"wp","href":"https:\/\/api.w.org\/{rel}","templated":true}]}}