{"id":209233,"date":"2015-03-06T13:00:06","date_gmt":"2015-03-06T19:00:06","guid":{"rendered":"http:\/\/www.diarioimagen.net\/?p=209233"},"modified":"2015-03-09T07:03:35","modified_gmt":"2015-03-09T13:03:35","slug":"reconoce-enrique-pena-trabajo-en-equipo-de-eruviel-avila-con-el-gobierno-de-la-republica-respetando-el-pacto-federal","status":"publish","type":"post","link":"https:\/\/www.diarioimagen.net\/?p=209233","title":{"rendered":"Reconoce Enrique Pe\u00f1a trabajo en equipo de Eruviel \u00c1vila con el gobierno de la Rep\u00fablica, respetando el Pacto Federal"},"content":{"rendered":"<ul>\n<li><strong><em>El gobernador mexiquense y el presidente de la Rep\u00fablica inauguraron el Distribuidor Vial Avenida 5 de Mayo-Salvador D\u00edaz Mir\u00f3n, en Metepec, que tuvo una inversi\u00f3n de 260 millones de pesos.<\/em><\/strong><\/li>\n<li><strong><em>Adem\u00e1s pusieron en marcha el programa agropecuario Con los Pies en la Tierra.<\/em><\/strong><\/li>\n<\/ul>\n<div id=\"attachment_209234\" style=\"width: 250px\" class=\"wp-caption alignleft\"><a href=\"http:\/\/www.diarioimagen.net\/?attachment_id=209234\" rel=\"attachment wp-att-209234\"><img loading=\"lazy\" decoding=\"async\" aria-describedby=\"caption-attachment-209234\" class=\"size-medium wp-image-209234\" src=\"http:\/\/www.diarioimagen.net\/wp-content\/uploads\/2015\/03\/eruviel-epn-mover-240x135.jpg\" alt=\"El presidente de la Rep\u00fablica, Enrique Pe\u00f1a Nieto y el gobernador del Estado de M\u00e9xico, Eruviel \u00c1vila Villegas, durante la Entrega de Incentivos Agropecuarios &quot;Con los Pies en la Tierra&quot; e inauguraci\u00f3n de un Distribuidor Vial.\" width=\"240\" height=\"135\" srcset=\"https:\/\/www.diarioimagen.net\/wp-content\/uploads\/2015\/03\/eruviel-epn-mover-240x135.jpg 240w, https:\/\/www.diarioimagen.net\/wp-content\/uploads\/2015\/03\/eruviel-epn-mover-420x236.jpg 420w, https:\/\/www.diarioimagen.net\/wp-content\/uploads\/2015\/03\/eruviel-epn-mover.jpg 480w, https:\/\/www.diarioimagen.net\/wp-content\/uploads\/2015\/03\/eruviel-epn-mover-235x132.jpg 235w, https:\/\/www.diarioimagen.net\/wp-content\/uploads\/2015\/03\/eruviel-epn-mover-202x114.jpg 202w, https:\/\/www.diarioimagen.net\/wp-content\/uploads\/2015\/03\/eruviel-epn-mover-350x196.jpg 350w, https:\/\/www.diarioimagen.net\/wp-content\/uploads\/2015\/03\/eruviel-epn-mover-220x123.jpg 220w, https:\/\/www.diarioimagen.net\/wp-content\/uploads\/2015\/03\/eruviel-epn-mover-237x132.jpg 237w\" sizes=\"auto, (max-width: 240px) 100vw, 240px\" \/><\/a><p id=\"caption-attachment-209234\" class=\"wp-caption-text\">El presidente de la Rep\u00fablica, Enrique Pe\u00f1a Nieto y el gobernador del Estado de M\u00e9xico, Eruviel \u00c1vila Villegas, durante la Entrega de Incentivos Agropecuarios \u00abCon los Pies en la Tierra\u00bb e inauguraci\u00f3n de un Distribuidor Vial.<\/p><\/div>\n<p>Durante la inauguraci\u00f3n del Distribuidor Vial Avenida 5 de Mayo- Salvador D\u00edaz Mir\u00f3n y la puesta en marcha del programa agropecuario Con los Pies en la Tierra, el presidente Enrique Pe\u00f1a Nieto reconoci\u00f3 al gobernador Eruviel \u00c1vila Villegas por el trabajo en equipo que lleva a cabo con el Gobierno de la Rep\u00fablica, respetando el pacto federal, lo que permite que la poblaci\u00f3n tenga acceso a los programas y acciones que impulsa su administraci\u00f3n.<\/p>\n<p>\u201cReconozco su invariable disposici\u00f3n para que trabajemos en equipo, para que dentro del pacto federal realmente hagamos eficaz la gesti\u00f3n gubernamental y logremos que m\u00e1s mexiquenses puedan tener acceso a los beneficios de las varias acciones y pol\u00edticas p\u00fablicas que venimos impulsando. Felicidades se\u00f1or gobernador por lo que hoy estamos entregando es producto del trabajo en equipo que hacemos el Gobierno de la Rep\u00fablica y el Gobierno del Estado de M\u00e9xico\u201d, sostuvo.<\/p>\n<p>Por su parte, el gobernador Eruviel \u00c1vila agradeci\u00f3 al gobierno federal por el apoyo que brinda al Edom\u00e9x, a trav\u00e9s de obras y acciones como la entrega de incentivos agropecuarios, lo que permitir\u00e1 a este sector estatal seguir consolid\u00e1ndose, ya que actualmente es la cuarta entidad federativa que mayores recursos aporta al Producto Interno Bruto Agropecuario nacional, siendo l\u00edder en la producci\u00f3n de flor, tuna, haba verde, ch\u00edcharo, trucha, rana toro y carne de ovino.<\/p>\n<p>\u201cY hoy estamos recibiendo al se\u00f1or presidente con los brazos abiertos y agradeci\u00e9ndole esta importante inversi\u00f3n que se entrega a todas, a todos ustedes, amigas, m\u00e1s de 870 millones de pesos, recursos federales, recursos estatales, recursos de los propios productores para impulsar diferentes acciones para bien del campo de nuestra entidad\u201d, expres\u00f3.<\/p>\n<p>Inform\u00f3 que durante su administraci\u00f3n se han invertido m\u00e1s de 4 mil 200 millones de pesos en diferentes programas y acciones para el campo mexiquense, como el aseguramiento de cosechas; financiamiento para la adquisici\u00f3n de fertilizantes, semillas y animales; implementaci\u00f3n de tecnolog\u00edas modernas; infraestructura hidroagr\u00edcola, entre otros.<\/p>\n<p>Al respecto, el presidente Enrique Pe\u00f1a destac\u00f3 el apoyo que brinda la administraci\u00f3n estatal al campo mexiquense, prueba de ello, dijo, es la disposici\u00f3n del Gobierno del Estado de M\u00e9xico de aportar el 100 por ciento de toda la inversi\u00f3n del a\u00f1o 2015 del convenio de concurrencia y coordinaci\u00f3n en materia del campo que se sign\u00f3 con todas la entidades federativas, mediante el cual se destinaron, a nivel nacional, 10 mil 400 millones de pesos en programas agropecuarios, donde el gobierno federal aporta el 80 por ciento y el 20 por ciento los gobiernos estatales.<\/p>\n<p>El gobernador mexiquense refiri\u00f3 tambi\u00e9n la gira de trabajo del mandatario federal por el Reino Unido, donde se calificaron de eficaces a las reformas transformadoras que impuls\u00f3 el Gobierno de la Rep\u00fablica.<\/p>\n<p>Aunado a ello, manifest\u00f3 que la Ley General de Aguas es una iniciativa de vanguardia que considera el uso del vital l\u00edquido como un derecho humano, adem\u00e1s de contener un apartado donde se apoya a los productores del campo en esta materia, por lo que hizo votos para que esta ley sea aprobada por los legisladores.<\/p>\n<p>Respecto al Distribuidor Vial Avenida 5 de Mayo- Salvador D\u00edaz Mir\u00f3n, cabe destacar que tuvo una inversi\u00f3n de 260 millones de pesos, tiene una afluencia de 28 mil veh\u00edculos diarios y una longitud de 895 metros, cuenta con cuatro carriles, reducir\u00e1 los tiempos de traslado, beneficiar\u00e1 a m\u00e1s de 1 mill\u00f3n de habitantes de Toluca y Metepec, e interconectar\u00e1 con carreteras estatales y federales, lo que permitir\u00e1 que esta zona sea m\u00e1s competitiva y crezca su econom\u00eda.<\/p>\n<p>Esta obra se suma a tres distribuidores viales m\u00e1s que est\u00e1n en proceso de construcci\u00f3n en el Valle de Toluca, el de la vialidad Alfredo del Mazo- Jos\u00e9 L\u00f3pez Portillo, Torres-Boulevard Aeropuerto y Boulevard Aeropuerto- Carretera Federal Toluca -Naucalpan. Para la realizaci\u00f3n de estos cuatro proyectos el gobierno federal destin\u00f3 2 mil 250 millones de pesos, y ayudar\u00e1n a disminuir el tr\u00e1fico que se presenta en estas zonas, adem\u00e1s de beneficiar a la movilizaci\u00f3n de mercanc\u00edas.<\/p>\n<p>En este evento se entregaron incentivos a la productividad como tractores, semillas mejoradas, fertilizantes, entre otros.<\/p>\n","protected":false},"excerpt":{"rendered":"<p>Durante la inauguraci\u00f3n del Distribuidor Vial Avenida 5 de Mayo- Salvador D\u00edaz Mir\u00f3n y la puesta en marcha del programa agropecuario Con los Pies en la Tierra, el presidente Enrique Pe\u00f1a Nieto reconoci\u00f3 al gobernador Eruviel \u00c1vila Villegas por el trabajo en equipo que lleva a cabo con el Gobierno de la Rep\u00fablica, respetando el pacto federal, lo que permite que la poblaci\u00f3n tenga acceso a los programas y acciones que impulsa su administraci\u00f3n.<\/p>\n","protected":false},"author":1,"featured_media":209234,"comment_status":"open","ping_status":"open","sticky":false,"template":"","format":"standard","meta":{"_monsterinsights_skip_tracking":false,"_monsterinsights_sitenote_active":false,"_monsterinsights_sitenote_note":"","_monsterinsights_sitenote_category":0,"footnotes":""},"categories":[5],"tags":[18,5828,43675,43673],"class_list":["post-209233","post","type-post","status-publish","format-standard","has-post-thumbnail","hentry","category-estado-de-mexico","tag-enrique-pena-nieto","tag-eruviel-avila-villegas","tag-estado-de-mexico","tag-nacional"],"_links":{"self":[{"href":"https:\/\/www.diarioimagen.net\/index.php?rest_route=\/wp\/v2\/posts\/209233","targetHints":{"allow":["GET"]}}],"collection":[{"href":"https:\/\/www.diarioimagen.net\/index.php?rest_route=\/wp\/v2\/posts"}],"about":[{"href":"https:\/\/www.diarioimagen.net\/index.php?rest_route=\/wp\/v2\/types\/post"}],"author":[{"embeddable":true,"href":"https:\/\/www.diarioimagen.net\/index.php?rest_route=\/wp\/v2\/users\/1"}],"replies":[{"embeddable":true,"href":"https:\/\/www.diarioimagen.net\/index.php?rest_route=%2Fwp%2Fv2%2Fcomments&post=209233"}],"version-history":[{"count":0,"href":"https:\/\/www.diarioimagen.net\/index.php?rest_route=\/wp\/v2\/posts\/209233\/revisions"}],"wp:featuredmedia":[{"embeddable":true,"href":"https:\/\/www.diarioimagen.net\/index.php?rest_route=\/wp\/v2\/media\/209234"}],"wp:attachment":[{"href":"https:\/\/www.diarioimagen.net\/index.php?rest_route=%2Fwp%2Fv2%2Fmedia&parent=209233"}],"wp:term":[{"taxonomy":"category","embeddable":true,"href":"https:\/\/www.diarioimagen.net\/index.php?rest_route=%2Fwp%2Fv2%2Fcategories&post=209233"},{"taxonomy":"post_tag","embeddable":true,"href":"https:\/\/www.diarioimagen.net\/index.php?rest_route=%2Fwp%2Fv2%2Ftags&post=209233"}],"curies":[{"name":"wp","href":"https:\/\/api.w.org\/{rel}","templated":true}]}}