{"id":209284,"date":"2015-03-09T00:06:29","date_gmt":"2015-03-09T06:06:29","guid":{"rendered":"http:\/\/www.diarioimagen.net\/?p=209284"},"modified":"2015-03-10T06:48:40","modified_gmt":"2015-03-10T12:48:40","slug":"con-acciones-se-apoya-a-la-mujer-en-el-edomex-eruviel","status":"publish","type":"post","link":"https:\/\/www.diarioimagen.net\/?p=209284","title":{"rendered":"Con acciones se apoya a la\u00a0mujer en el Edomex: Eruviel"},"content":{"rendered":"<ul>\n<li><em><strong>Conmemoran D\u00eda Internacional<\/strong><\/em><\/li>\n<li><em><strong>Beneficios en salud, educaci\u00f3n, capacitaci\u00f3n y empleo, as\u00ed como atenci\u00f3n especializada en casos de violencia<\/strong><\/em><\/li>\n<\/ul>\n<p><strong>\u00a0<\/strong><\/p>\n<h6><strong>Redacci\u00f3n<\/strong><\/h6>\n<p>&nbsp;<\/p>\n<div id=\"attachment_209285\" style=\"width: 250px\" class=\"wp-caption alignleft\"><a href=\"http:\/\/www.diarioimagen.net\/?attachment_id=209285\" rel=\"attachment wp-att-209285\"><img loading=\"lazy\" decoding=\"async\" aria-describedby=\"caption-attachment-209285\" class=\"size-medium wp-image-209285\" src=\"http:\/\/www.diarioimagen.net\/wp-content\/uploads\/2015\/03\/eruviel-2565-240x135.jpg\" alt=\"Eruviel \u00c1vila Villegas puso en marcha en Naucalpan la segunda etapa del Programa Pinceladas en Grande, donde se pintar\u00e1n 71 mil fachadas, bardas laterales y traseras de las viviendas, con lo que se mejorar\u00e1 la imagen urbana, generar\u00e1 identidad y mejorar\u00e1 el \u00e1nimo y convivencia de los vecinos, adem\u00e1s de incrementar la seguridad.\" width=\"240\" height=\"135\" srcset=\"https:\/\/www.diarioimagen.net\/wp-content\/uploads\/2015\/03\/eruviel-2565-240x135.jpg 240w, https:\/\/www.diarioimagen.net\/wp-content\/uploads\/2015\/03\/eruviel-2565-420x236.jpg 420w, https:\/\/www.diarioimagen.net\/wp-content\/uploads\/2015\/03\/eruviel-2565.jpg 480w, https:\/\/www.diarioimagen.net\/wp-content\/uploads\/2015\/03\/eruviel-2565-235x132.jpg 235w, https:\/\/www.diarioimagen.net\/wp-content\/uploads\/2015\/03\/eruviel-2565-202x114.jpg 202w, https:\/\/www.diarioimagen.net\/wp-content\/uploads\/2015\/03\/eruviel-2565-350x196.jpg 350w, https:\/\/www.diarioimagen.net\/wp-content\/uploads\/2015\/03\/eruviel-2565-220x123.jpg 220w, https:\/\/www.diarioimagen.net\/wp-content\/uploads\/2015\/03\/eruviel-2565-237x132.jpg 237w\" sizes=\"auto, (max-width: 240px) 100vw, 240px\" \/><\/a><p id=\"caption-attachment-209285\" class=\"wp-caption-text\">Eruviel \u00c1vila Villegas puso en marcha en Naucalpan la segunda etapa del Programa Pinceladas en Grande, donde se pintar\u00e1n 71 mil fachadas, bardas laterales y traseras de las viviendas, con lo que se mejorar\u00e1 la imagen urbana, generar\u00e1 identidad y mejorar\u00e1 el \u00e1nimo y convivencia de los vecinos, adem\u00e1s de incrementar la seguridad.<\/p><\/div>\n<p>En el marco del D\u00eda Internacional de la Mujer, el gobernador Eruviel \u00c1vila Villegas afirm\u00f3 que en el Estado de M\u00e9xico se trabaja en grande para apoyar y empoderar a este sector de la poblaci\u00f3n con acciones de educaci\u00f3n; salud, como la aplicaci\u00f3n de vacunas para prevenir el c\u00e1ncer c\u00e9rvico uterino y el c\u00e1ncer de mama; empleo y capacitaci\u00f3n laboral, adem\u00e1s de brindar atenci\u00f3n especializada en situaciones de violencia, entre otras.<\/p>\n<p>\u201cHoy es un d\u00eda muy especial porque hoy celebramos lo m\u00e1s valioso que tenemos en nuestra sociedad, a las mujeres. Hoy D\u00eda Internacional de la Mujer vengo a Naucalpan ante mujeres distinguidas, de Naucalpan y Tlalnepantla, les vengo a expresar mi c\u00e1lida felicitaci\u00f3n, mi respeto y sobre todo mi compromiso de seguir apoyando y empoderando a las mujeres el Estado de M\u00e9xico. Las mujeres merecen respeto, atenci\u00f3n\u00bb, expres\u00f3.<\/p>\n<p>El gobernador coment\u00f3 que en el Estado de M\u00e9xico se celebra a la mujer los 365 d\u00edas del a\u00f1o, con acciones y hechos concretos, como los siguientes:<\/p>\n<p>-La tasa de desocupaci\u00f3n de las mujeres se redujo del 6.6 por ciento al 5.6 por ciento, en tres a\u00f1os.<\/p>\n<p>-El 75 por ciento de los m\u00e1s de 69 mil colocados del programa \u201cB\u00e9cate\u201d, que consiste en capacitaci\u00f3n para el empleo, son mujeres.-El 67 de los beneficiados de las iniciativas de ocupaci\u00f3n por cuenta propia son mujeres.<\/p>\n<p>-Desde el 2011 se han realizado 119 ferias de empleo y del total de colocados 40 por ciento son mujeres.<\/p>\n<p>-El programa de Apoyo al Empleo ha permitido colocar a 240 mil mujeres mexiquenses en un empleo digno.<\/p>\n<p>-El 65 por ciento de los beneficiados en programas como Becas al Extranjero, Integrantes de Escoltas de Bandera, computadoras a mejores promedios, son ni\u00f1as y j\u00f3venes.<\/p>\n","protected":false},"excerpt":{"rendered":"<p>En el marco del D\u00eda Internacional de la Mujer, el gobernador Eruviel \u00c1vila Villegas afirm\u00f3 que en el Estado de M\u00e9xico se trabaja en grande para apoyar y empoderar a este sector de la poblaci\u00f3n con acciones de educaci\u00f3n; salud, como la aplicaci\u00f3n de vacunas para prevenir el c\u00e1ncer c\u00e9rvico uterino y el c\u00e1ncer de mama; empleo y capacitaci\u00f3n laboral, adem\u00e1s de brindar atenci\u00f3n especializada en situaciones de violencia, entre otras.<\/p>\n","protected":false},"author":1,"featured_media":209285,"comment_status":"open","ping_status":"open","sticky":false,"template":"","format":"standard","meta":{"_monsterinsights_skip_tracking":false,"_monsterinsights_sitenote_active":false,"_monsterinsights_sitenote_note":"","_monsterinsights_sitenote_category":0,"footnotes":""},"categories":[5],"tags":[5828,43675],"class_list":["post-209284","post","type-post","status-publish","format-standard","has-post-thumbnail","hentry","category-estado-de-mexico","tag-eruviel-avila-villegas","tag-estado-de-mexico"],"_links":{"self":[{"href":"https:\/\/www.diarioimagen.net\/index.php?rest_route=\/wp\/v2\/posts\/209284","targetHints":{"allow":["GET"]}}],"collection":[{"href":"https:\/\/www.diarioimagen.net\/index.php?rest_route=\/wp\/v2\/posts"}],"about":[{"href":"https:\/\/www.diarioimagen.net\/index.php?rest_route=\/wp\/v2\/types\/post"}],"author":[{"embeddable":true,"href":"https:\/\/www.diarioimagen.net\/index.php?rest_route=\/wp\/v2\/users\/1"}],"replies":[{"embeddable":true,"href":"https:\/\/www.diarioimagen.net\/index.php?rest_route=%2Fwp%2Fv2%2Fcomments&post=209284"}],"version-history":[{"count":0,"href":"https:\/\/www.diarioimagen.net\/index.php?rest_route=\/wp\/v2\/posts\/209284\/revisions"}],"wp:featuredmedia":[{"embeddable":true,"href":"https:\/\/www.diarioimagen.net\/index.php?rest_route=\/wp\/v2\/media\/209285"}],"wp:attachment":[{"href":"https:\/\/www.diarioimagen.net\/index.php?rest_route=%2Fwp%2Fv2%2Fmedia&parent=209284"}],"wp:term":[{"taxonomy":"category","embeddable":true,"href":"https:\/\/www.diarioimagen.net\/index.php?rest_route=%2Fwp%2Fv2%2Fcategories&post=209284"},{"taxonomy":"post_tag","embeddable":true,"href":"https:\/\/www.diarioimagen.net\/index.php?rest_route=%2Fwp%2Fv2%2Ftags&post=209284"}],"curies":[{"name":"wp","href":"https:\/\/api.w.org\/{rel}","templated":true}]}}