{"id":209287,"date":"2015-03-09T00:13:58","date_gmt":"2015-03-09T06:13:58","guid":{"rendered":"http:\/\/www.diarioimagen.net\/?p=209287"},"modified":"2015-03-09T02:43:28","modified_gmt":"2015-03-09T08:43:28","slug":"en-marcha-el-programa-pinceladas-en-grande","status":"publish","type":"post","link":"https:\/\/www.diarioimagen.net\/?p=209287","title":{"rendered":"En marcha, el programa Pinceladas en Grande"},"content":{"rendered":"<h2>Arco Norte<\/h2>\n<h5>Jos\u00e9 Luis Monta\u00f1ez Aguilar<\/h5>\n<p>&nbsp;<\/p>\n<div id=\"attachment_209288\" style=\"width: 250px\" class=\"wp-caption alignleft\"><a href=\"http:\/\/www.diarioimagen.net\/?attachment_id=209288\" rel=\"attachment wp-att-209288\"><img loading=\"lazy\" decoding=\"async\" aria-describedby=\"caption-attachment-209288\" class=\"size-medium wp-image-209288\" src=\"http:\/\/www.diarioimagen.net\/wp-content\/uploads\/2015\/03\/arco-25641-240x135.jpg\" alt=\"El gobernador Eruviel \u00c1vila Villegas iniciando la 2da Etapa del Programa Pinceladas En Grande.\" width=\"240\" height=\"135\" srcset=\"https:\/\/www.diarioimagen.net\/wp-content\/uploads\/2015\/03\/arco-25641-240x135.jpg 240w, https:\/\/www.diarioimagen.net\/wp-content\/uploads\/2015\/03\/arco-25641-420x236.jpg 420w, https:\/\/www.diarioimagen.net\/wp-content\/uploads\/2015\/03\/arco-25641.jpg 480w, https:\/\/www.diarioimagen.net\/wp-content\/uploads\/2015\/03\/arco-25641-235x132.jpg 235w, https:\/\/www.diarioimagen.net\/wp-content\/uploads\/2015\/03\/arco-25641-202x114.jpg 202w, https:\/\/www.diarioimagen.net\/wp-content\/uploads\/2015\/03\/arco-25641-350x196.jpg 350w, https:\/\/www.diarioimagen.net\/wp-content\/uploads\/2015\/03\/arco-25641-220x123.jpg 220w, https:\/\/www.diarioimagen.net\/wp-content\/uploads\/2015\/03\/arco-25641-237x132.jpg 237w\" sizes=\"auto, (max-width: 240px) 100vw, 240px\" \/><\/a><p id=\"caption-attachment-209288\" class=\"wp-caption-text\">El gobernador Eruviel \u00c1vila Villegas iniciando la 2da Etapa del Programa Pinceladas En Grande.<\/p><\/div>\n<p>El gobernador Eruviel \u00c1vila Villegas puso en marcha la segunda etapa del Programa Pinceladas en Grande, que se desarrollar\u00e1 con participaci\u00f3n de la comunidad en los municipios de Ecatepec, Tlalnepantla y Naucalpan, donde se pintar\u00e1n 71 mil fachadas, bardas laterales y traseras de las viviendas, para convertirlas en espacios coloridos, limpios y arm\u00f3nicos con lo que se mejorar\u00e1 la imagen urbana, generar\u00e1 identidad y mejorar\u00e1 el \u00e1nimo y convivencia de los vecinos, adem\u00e1s de incrementar la seguridad. La primera etapa del programa inici\u00f3 en junio de 2014 en viviendas de la Sierra de Guadalupe en Ecatepec, donde se pintaron 22 mil 300 fachadas, que comprenden una superficie de dos millones 500 mil metros cuadrados, para las que se emplearon 28 mil 400 cubetas de pintura en esa regi\u00f3n que se ubica en el corredor tur\u00edstico Teotihuac\u00e1n. Al realizar la entrega simb\u00f3lica de pintura, sellador, rodillos, brochas, escaleras y compresoras, a vecinos de Naucalpan y Tlalnepantla, el gobernador Eruviel \u00c1vila dijo que este programa fomentar\u00e1 la convivencia ya que ellos pondr\u00e1n la mano de obra y mencion\u00f3 que en las dos etapas de Pinceladas en Grande se han invertido m\u00e1s de 198 millones de pesos, con lo quedar\u00e1n pintadas m\u00e1s de 93 mil 300 fachadas del Valle de M\u00e9xico. Refiri\u00f3 que en la primera etapa se transform\u00f3 la imagen urbana de la Sierra de Guadalupe, y pas\u00f3 de ser gris a una zona colorida que se puede apreciar cuando se transita la carretera M\u00e9xico-Pachuca. Ahora, en esta segunda etapa se pintar\u00e1n las fachadas de 25 mil casas en Naucalpan, 26 mil en Tlalnepantla de Baz y 20 mil en Ecatepec, suministrando m\u00e1s de 180 mil cubetas de pintura, selladores, brochas, entre otros.<\/p>\n<p><em><a href=\"mailto:montanezaguilar@gmail.com\" target=\"_blank\">montanezaguilar@gmail.com<\/a><\/em><\/p>\n","protected":false},"excerpt":{"rendered":"<p><span style=\"color: #005497;\"><strong>Jos\u00e9 Luis Monta\u00f1ez Aguilar<\/strong><\/span><br \/>\n<br \/>\nEl gobernador Eruviel \u00c1vila Villegas puso en marcha la segunda etapa del Programa Pinceladas en Grande, que se desarrollar\u00e1 con participaci\u00f3n de la comunidad en los municipios de Ecatepec, Tlalnepantla y Naucalpan<\/p>\n","protected":false},"author":1,"featured_media":209288,"comment_status":"open","ping_status":"open","sticky":false,"template":"","format":"standard","meta":{"_monsterinsights_skip_tracking":false,"_monsterinsights_sitenote_active":false,"_monsterinsights_sitenote_note":"","_monsterinsights_sitenote_category":0,"footnotes":""},"categories":[5],"tags":[13284,5828,43675],"class_list":["post-209287","post","type-post","status-publish","format-standard","has-post-thumbnail","hentry","category-estado-de-mexico","tag-arco-norte","tag-eruviel-avila-villegas","tag-estado-de-mexico"],"_links":{"self":[{"href":"https:\/\/www.diarioimagen.net\/index.php?rest_route=\/wp\/v2\/posts\/209287","targetHints":{"allow":["GET"]}}],"collection":[{"href":"https:\/\/www.diarioimagen.net\/index.php?rest_route=\/wp\/v2\/posts"}],"about":[{"href":"https:\/\/www.diarioimagen.net\/index.php?rest_route=\/wp\/v2\/types\/post"}],"author":[{"embeddable":true,"href":"https:\/\/www.diarioimagen.net\/index.php?rest_route=\/wp\/v2\/users\/1"}],"replies":[{"embeddable":true,"href":"https:\/\/www.diarioimagen.net\/index.php?rest_route=%2Fwp%2Fv2%2Fcomments&post=209287"}],"version-history":[{"count":0,"href":"https:\/\/www.diarioimagen.net\/index.php?rest_route=\/wp\/v2\/posts\/209287\/revisions"}],"wp:featuredmedia":[{"embeddable":true,"href":"https:\/\/www.diarioimagen.net\/index.php?rest_route=\/wp\/v2\/media\/209288"}],"wp:attachment":[{"href":"https:\/\/www.diarioimagen.net\/index.php?rest_route=%2Fwp%2Fv2%2Fmedia&parent=209287"}],"wp:term":[{"taxonomy":"category","embeddable":true,"href":"https:\/\/www.diarioimagen.net\/index.php?rest_route=%2Fwp%2Fv2%2Fcategories&post=209287"},{"taxonomy":"post_tag","embeddable":true,"href":"https:\/\/www.diarioimagen.net\/index.php?rest_route=%2Fwp%2Fv2%2Ftags&post=209287"}],"curies":[{"name":"wp","href":"https:\/\/api.w.org\/{rel}","templated":true}]}}