{"id":209290,"date":"2015-03-09T00:10:11","date_gmt":"2015-03-09T06:10:11","guid":{"rendered":"http:\/\/www.diarioimagen.net\/?p=209290"},"modified":"2015-03-09T02:34:08","modified_gmt":"2015-03-09T08:34:08","slug":"uaem-primer-lugar-en-numero-de-licenciaturas-reconocidas","status":"publish","type":"post","link":"https:\/\/www.diarioimagen.net\/?p=209290","title":{"rendered":"UAEM, primer lugar en n\u00famero de licenciaturas reconocidas"},"content":{"rendered":"<ul>\n<li><strong><em>Entre universidades p\u00fablicas del pa\u00eds<\/em><\/strong><\/li>\n<\/ul>\n<p>&nbsp;<\/p>\n<p>&nbsp;<\/p>\n<div id=\"attachment_209291\" style=\"width: 250px\" class=\"wp-caption alignleft\"><a href=\"http:\/\/www.diarioimagen.net\/?attachment_id=209291\" rel=\"attachment wp-att-209291\"><img loading=\"lazy\" decoding=\"async\" aria-describedby=\"caption-attachment-209291\" class=\"size-medium wp-image-209291\" src=\"http:\/\/www.diarioimagen.net\/wp-content\/uploads\/2015\/03\/UAEM-2565-240x135.jpg\" alt=\"La UAEM ocupa el primer lugar entre las universidades p\u00fablicas estatales del pa\u00eds, por el n\u00famero de programas educativos de nivel superior reconocidos por su calidad, con el Nivel 1 de los Comit\u00e9s Interinstitucionales para la Evaluaci\u00f3n de la Educaci\u00f3n Superior (CIEES), inform\u00f3 el secretario de Docencia, Alfredo Barrera Baca.\" width=\"240\" height=\"135\" srcset=\"https:\/\/www.diarioimagen.net\/wp-content\/uploads\/2015\/03\/UAEM-2565-240x135.jpg 240w, https:\/\/www.diarioimagen.net\/wp-content\/uploads\/2015\/03\/UAEM-2565-420x236.jpg 420w, https:\/\/www.diarioimagen.net\/wp-content\/uploads\/2015\/03\/UAEM-2565.jpg 480w, https:\/\/www.diarioimagen.net\/wp-content\/uploads\/2015\/03\/UAEM-2565-235x132.jpg 235w, https:\/\/www.diarioimagen.net\/wp-content\/uploads\/2015\/03\/UAEM-2565-202x114.jpg 202w, https:\/\/www.diarioimagen.net\/wp-content\/uploads\/2015\/03\/UAEM-2565-350x196.jpg 350w, https:\/\/www.diarioimagen.net\/wp-content\/uploads\/2015\/03\/UAEM-2565-220x123.jpg 220w, https:\/\/www.diarioimagen.net\/wp-content\/uploads\/2015\/03\/UAEM-2565-237x132.jpg 237w\" sizes=\"auto, (max-width: 240px) 100vw, 240px\" \/><\/a><p id=\"caption-attachment-209291\" class=\"wp-caption-text\">La UAEM ocupa el primer lugar entre las universidades p\u00fablicas estatales del pa\u00eds, por el n\u00famero de programas educativos de nivel superior reconocidos por su calidad, con el Nivel 1 de los Comit\u00e9s Interinstitucionales para la Evaluaci\u00f3n de la Educaci\u00f3n Superior (CIEES), inform\u00f3 el secretario de Docencia, Alfredo Barrera Baca.<\/p><\/div>\n<p>La Universidad Aut\u00f3noma del Estado de M\u00e9xico ocupa el primer lugar entre las universidades p\u00fablicas estatales del pa\u00eds, por el n\u00famero de programas educativos de nivel superior reconocidos por su calidad, con el Nivel 1 de los Comit\u00e9s Interinstitucionales para la Evaluaci\u00f3n de la Educaci\u00f3n Superior (CIEES).<\/p>\n<p>Al respecto, el secretario de Docencia de la m\u00e1xima casa de estudios mexiquense, Alfredo Barrera Baca, inform\u00f3 que el coordinador general de los CIEES, Rafael Vidal Uribe, notific\u00f3 a la UAEM que las licenciaturas en gerontolog\u00eda, ofertada por la Facultad de Enfermer\u00eda y Obstetricia, y Educaci\u00f3n para la Salud, por la Unidad Acad\u00e9mica Profesional Nezahualc\u00f3yotl, evaluadas el pasado mes de noviembre, obtuvieron el Nivel 1 de calidad.<\/p>\n<p>En la actualidad, puntualiz\u00f3 el servidor universitario, la UAEM cuenta con 125 programas educativos con este reconocimiento de calidad, lo cual le permiti\u00f3 alcanzar la primera posici\u00f3n, luego de cuatro a\u00f1os de permanecer en el segundo lugar en el tablero de las universidades p\u00fablicas estatales con mayor n\u00famero de programas educativos reconocidos por su calidad.<\/p>\n<p>Barrera Baca destac\u00f3 que una prioridad de la Administraci\u00f3n 2013-2017 de la UAEM, encabezada por el rector Jorge Olvera Garc\u00eda, es mantener la calidad educativa que desde hace casi dos siglos distingue a esta casa de estudios.<\/p>\n","protected":false},"excerpt":{"rendered":"<p>La Universidad Aut\u00f3noma del Estado de M\u00e9xico ocupa el primer lugar entre las universidades p\u00fablicas estatales del pa\u00eds, por el n\u00famero de programas educativos de nivel superior reconocidos por su calidad, con el Nivel 1 de los Comit\u00e9s Interinstitucionales para la Evaluaci\u00f3n de la Educaci\u00f3n Superior (CIEES).<\/p>\n","protected":false},"author":1,"featured_media":209291,"comment_status":"open","ping_status":"open","sticky":false,"template":"","format":"standard","meta":{"_monsterinsights_skip_tracking":false,"_monsterinsights_sitenote_active":false,"_monsterinsights_sitenote_note":"","_monsterinsights_sitenote_category":0,"footnotes":""},"categories":[5],"tags":[43675,1491],"class_list":["post-209290","post","type-post","status-publish","format-standard","has-post-thumbnail","hentry","category-estado-de-mexico","tag-estado-de-mexico","tag-uaem"],"_links":{"self":[{"href":"https:\/\/www.diarioimagen.net\/index.php?rest_route=\/wp\/v2\/posts\/209290","targetHints":{"allow":["GET"]}}],"collection":[{"href":"https:\/\/www.diarioimagen.net\/index.php?rest_route=\/wp\/v2\/posts"}],"about":[{"href":"https:\/\/www.diarioimagen.net\/index.php?rest_route=\/wp\/v2\/types\/post"}],"author":[{"embeddable":true,"href":"https:\/\/www.diarioimagen.net\/index.php?rest_route=\/wp\/v2\/users\/1"}],"replies":[{"embeddable":true,"href":"https:\/\/www.diarioimagen.net\/index.php?rest_route=%2Fwp%2Fv2%2Fcomments&post=209290"}],"version-history":[{"count":0,"href":"https:\/\/www.diarioimagen.net\/index.php?rest_route=\/wp\/v2\/posts\/209290\/revisions"}],"wp:featuredmedia":[{"embeddable":true,"href":"https:\/\/www.diarioimagen.net\/index.php?rest_route=\/wp\/v2\/media\/209291"}],"wp:attachment":[{"href":"https:\/\/www.diarioimagen.net\/index.php?rest_route=%2Fwp%2Fv2%2Fmedia&parent=209290"}],"wp:term":[{"taxonomy":"category","embeddable":true,"href":"https:\/\/www.diarioimagen.net\/index.php?rest_route=%2Fwp%2Fv2%2Fcategories&post=209290"},{"taxonomy":"post_tag","embeddable":true,"href":"https:\/\/www.diarioimagen.net\/index.php?rest_route=%2Fwp%2Fv2%2Ftags&post=209290"}],"curies":[{"name":"wp","href":"https:\/\/api.w.org\/{rel}","templated":true}]}}