{"id":209415,"date":"2015-03-10T00:06:28","date_gmt":"2015-03-10T06:06:28","guid":{"rendered":"http:\/\/www.diarioimagen.net\/?p=209415"},"modified":"2015-03-13T06:26:40","modified_gmt":"2015-03-13T12:26:40","slug":"fortalecen-la-seguridad-en-el-transporte-publico-de-edomex","status":"publish","type":"post","link":"https:\/\/www.diarioimagen.net\/?p=209415","title":{"rendered":"Fortalecen la seguridad en el transporte p\u00fablico de Edomex"},"content":{"rendered":"<ul>\n<li><strong><em>Instalan 100 puntos de revisi\u00f3n en los que participan Ej\u00e9rcito, Marina-Armada y las polic\u00edas Federal, Estatal y Municipal<\/em><\/strong><\/li>\n<\/ul>\n<h6>Redacci\u00f3n<\/h6>\n<div id=\"attachment_209485\" style=\"width: 250px\" class=\"wp-caption alignleft\"><a href=\"http:\/\/www.diarioimagen.net\/?attachment_id=209485\" rel=\"attachment wp-att-209485\"><img loading=\"lazy\" decoding=\"async\" aria-describedby=\"caption-attachment-209485\" class=\"size-medium wp-image-209485\" src=\"http:\/\/www.diarioimagen.net\/wp-content\/uploads\/2015\/03\/eruviel-2566-240x135.jpg\" alt=\"Eruviel \u00c1vila supervis\u00f3 el operativo Plan Tres en la V\u00eda Morelos, frente al Parque Siervo de la Naci\u00f3n, con el que se refuerzan las acciones que se realizan para garantizar seguridad a los usuarios del servicio p\u00fablico de transporte.\" width=\"240\" height=\"135\" srcset=\"https:\/\/www.diarioimagen.net\/wp-content\/uploads\/2015\/03\/eruviel-2566-240x135.jpg 240w, https:\/\/www.diarioimagen.net\/wp-content\/uploads\/2015\/03\/eruviel-2566-420x236.jpg 420w, https:\/\/www.diarioimagen.net\/wp-content\/uploads\/2015\/03\/eruviel-2566.jpg 480w, https:\/\/www.diarioimagen.net\/wp-content\/uploads\/2015\/03\/eruviel-2566-235x132.jpg 235w, https:\/\/www.diarioimagen.net\/wp-content\/uploads\/2015\/03\/eruviel-2566-202x114.jpg 202w, https:\/\/www.diarioimagen.net\/wp-content\/uploads\/2015\/03\/eruviel-2566-350x196.jpg 350w, https:\/\/www.diarioimagen.net\/wp-content\/uploads\/2015\/03\/eruviel-2566-220x123.jpg 220w, https:\/\/www.diarioimagen.net\/wp-content\/uploads\/2015\/03\/eruviel-2566-237x132.jpg 237w\" sizes=\"auto, (max-width: 240px) 100vw, 240px\" \/><\/a><p id=\"caption-attachment-209485\" class=\"wp-caption-text\">Eruviel \u00c1vila supervis\u00f3 el operativo Plan Tres en la V\u00eda Morelos, frente al Parque Siervo de la Naci\u00f3n, con el que se refuerzan las acciones que se realizan para garantizar seguridad a los usuarios del servicio p\u00fablico de transporte.<\/p><\/div>\n<p>El gobernador Eruviel \u00c1vila Villegas anunci\u00f3 el operativo Plan Tres (Transporte Estatal Seguro), con el que se refuerzan las acciones que se realizan para garantizar seguridad a los usuarios del servicio p\u00fablico de transporte, a trav\u00e9s de 100 puntos de revisi\u00f3n m\u00f3viles, que estar\u00e1n en las principales vialidades de la entidad y en los que participar\u00e1n el Ej\u00e9rcito, Marina-Armada de M\u00e9xico, las polic\u00edas Federal, Estatal y corporaciones municipales.<\/p>\n<p>\u201cQuiero reiterar a los mexiquenses, a mis paisanos ecatepequenses, que no vamos a descansar hasta tener en el Estado de M\u00e9xico, un Estado de M\u00e9xico libre de delincuencia para que las familias y los ciudadanos puedan vivir en paz. El trabajo en coordinaci\u00f3n que hemos logrado con el Ej\u00e9rcito, la Marina y las fuerzas federales de seguridad est\u00e1n dando resultados, pero desde luego, no estamos satisfechos, desde luego que vamos por m\u00e1s\u201d, afirm\u00f3.<\/p>\n<p>Al supervisar el operativo en la V\u00eda Morelos, frente al Parque Siervo de la Naci\u00f3n, el gobernador tambi\u00e9n dio a conocer los avances que se han registrado en el Operativo Seguridad Mexiquense, como es el descenso general del 12 por ciento en el total de las denuncias y de un 20 por ciento en delitos de alto impacto, como el secuestro y extorsi\u00f3n, durante 2014.<\/p>\n<p>Asimismo, inform\u00f3 que en los primeros dos meses del presente a\u00f1o se registra una disminuci\u00f3n del 17 por ciento del total de denuncias, en comparaci\u00f3n con el mismo periodo del 2014.<\/p>\n<p>En este lapso las denuncias por delito de alto impacto registran un descenso del 21 por ciento; el robo con violencia se redujo 29 por ciento, el homicidio doloso 10 por ciento, el secuestro 2 por ciento y la violaci\u00f3n y extorsi\u00f3n 46 por ciento; asimismo, fueron detenidos m\u00e1s de mil delincuentes relacionados con estos il\u00edcitos.<\/p>\n<p>Destac\u00f3 que de esta forma queda demostrada la eficacia de las Bases de Operaci\u00f3n Mixta (BOM), la inteligencia que se est\u00e1 implementando y las acciones que todos en equipo est\u00e1n llevando a cabo.<\/p>\n<p>El Plan Tres (Transporte Estatal Seguro) consiste en la revisi\u00f3n aleatoria de unidades de transporte p\u00fablico de pasajeros, en la que elementos de seguridad explican a los usuarios el prop\u00f3sito del mismo; los hombres son bajados de la unidad para revisarlos y las mujeres se quedan en el interior, para descartar la portaci\u00f3n de armas o sustancias t\u00f3xicas; el chofer del veh\u00edculo tambi\u00e9n es examinado para verificar que no haya consumido alcohol o drogas.<\/p>\n","protected":false},"excerpt":{"rendered":"<p>El gobernador Eruviel \u00c1vila Villegas anunci\u00f3 el operativo Plan Tres (Transporte Estatal Seguro), con el que se refuerzan las acciones que se realizan para garantizar seguridad a los usuarios del servicio p\u00fablico de transporte, a trav\u00e9s de 100 puntos de revisi\u00f3n m\u00f3viles, que estar\u00e1n en las principales vialidades de la entidad y en los que participar\u00e1n el Ej\u00e9rcito, Marina-Armada de M\u00e9xico, las polic\u00edas Federal, Estatal y corporaciones municipales.<\/p>\n","protected":false},"author":3,"featured_media":209485,"comment_status":"open","ping_status":"open","sticky":false,"template":"","format":"standard","meta":{"_monsterinsights_skip_tracking":false,"_monsterinsights_sitenote_active":false,"_monsterinsights_sitenote_note":"","_monsterinsights_sitenote_category":0,"footnotes":""},"categories":[5],"tags":[5828,43675,43677,17814],"class_list":["post-209415","post","type-post","status-publish","format-standard","has-post-thumbnail","hentry","category-estado-de-mexico","tag-eruviel-avila-villegas","tag-estado-de-mexico","tag-seguridad","tag-transporte"],"_links":{"self":[{"href":"https:\/\/www.diarioimagen.net\/index.php?rest_route=\/wp\/v2\/posts\/209415","targetHints":{"allow":["GET"]}}],"collection":[{"href":"https:\/\/www.diarioimagen.net\/index.php?rest_route=\/wp\/v2\/posts"}],"about":[{"href":"https:\/\/www.diarioimagen.net\/index.php?rest_route=\/wp\/v2\/types\/post"}],"author":[{"embeddable":true,"href":"https:\/\/www.diarioimagen.net\/index.php?rest_route=\/wp\/v2\/users\/3"}],"replies":[{"embeddable":true,"href":"https:\/\/www.diarioimagen.net\/index.php?rest_route=%2Fwp%2Fv2%2Fcomments&post=209415"}],"version-history":[{"count":0,"href":"https:\/\/www.diarioimagen.net\/index.php?rest_route=\/wp\/v2\/posts\/209415\/revisions"}],"wp:featuredmedia":[{"embeddable":true,"href":"https:\/\/www.diarioimagen.net\/index.php?rest_route=\/wp\/v2\/media\/209485"}],"wp:attachment":[{"href":"https:\/\/www.diarioimagen.net\/index.php?rest_route=%2Fwp%2Fv2%2Fmedia&parent=209415"}],"wp:term":[{"taxonomy":"category","embeddable":true,"href":"https:\/\/www.diarioimagen.net\/index.php?rest_route=%2Fwp%2Fv2%2Fcategories&post=209415"},{"taxonomy":"post_tag","embeddable":true,"href":"https:\/\/www.diarioimagen.net\/index.php?rest_route=%2Fwp%2Fv2%2Ftags&post=209415"}],"curies":[{"name":"wp","href":"https:\/\/api.w.org\/{rel}","templated":true}]}}