{"id":209419,"date":"2015-03-10T00:13:38","date_gmt":"2015-03-10T06:13:38","guid":{"rendered":"http:\/\/www.diarioimagen.net\/?p=209419"},"modified":"2015-03-10T03:02:10","modified_gmt":"2015-03-10T09:02:10","slug":"lucha-por-un-estado-limpio-de-delincuencia","status":"publish","type":"post","link":"https:\/\/www.diarioimagen.net\/?p=209419","title":{"rendered":"Lucha por un estado limpio de delincuencia"},"content":{"rendered":"<h2>Arco Norte<\/h2>\n<h5>Jos\u00e9 Luis Monta\u00f1ez Aguilar<\/h5>\n<p>&nbsp;<\/p>\n<div id=\"attachment_209490\" style=\"width: 250px\" class=\"wp-caption alignleft\"><a href=\"http:\/\/www.diarioimagen.net\/?attachment_id=209490\" rel=\"attachment wp-att-209490\"><img loading=\"lazy\" decoding=\"async\" aria-describedby=\"caption-attachment-209490\" class=\"size-medium wp-image-209490\" src=\"http:\/\/www.diarioimagen.net\/wp-content\/uploads\/2015\/03\/arco-2566-240x135.jpg\" alt=\"El gobernador del Estado de M\u00e9xico, Eruviel \u00c1vila Villegas, presentando el nuevo operativo de seguridad &quot;Plan 3&quot;.\" width=\"240\" height=\"135\" srcset=\"https:\/\/www.diarioimagen.net\/wp-content\/uploads\/2015\/03\/arco-2566-240x135.jpg 240w, https:\/\/www.diarioimagen.net\/wp-content\/uploads\/2015\/03\/arco-2566-420x236.jpg 420w, https:\/\/www.diarioimagen.net\/wp-content\/uploads\/2015\/03\/arco-2566.jpg 480w, https:\/\/www.diarioimagen.net\/wp-content\/uploads\/2015\/03\/arco-2566-235x132.jpg 235w, https:\/\/www.diarioimagen.net\/wp-content\/uploads\/2015\/03\/arco-2566-202x114.jpg 202w, https:\/\/www.diarioimagen.net\/wp-content\/uploads\/2015\/03\/arco-2566-350x196.jpg 350w, https:\/\/www.diarioimagen.net\/wp-content\/uploads\/2015\/03\/arco-2566-220x123.jpg 220w, https:\/\/www.diarioimagen.net\/wp-content\/uploads\/2015\/03\/arco-2566-237x132.jpg 237w\" sizes=\"auto, (max-width: 240px) 100vw, 240px\" \/><\/a><p id=\"caption-attachment-209490\" class=\"wp-caption-text\">El gobernador del Estado de M\u00e9xico, Eruviel \u00c1vila Villegas, presentando el nuevo operativo de seguridad \u00abPlan 3\u00bb.<\/p><\/div>\n<p>Con el operativo Plan Tres (Transporte Estatal Seguro), que puso en marcha en gobernador Eruviel \u00c1vila Viullegas se refuerzan las acciones que se realizan para garantizar seguridad a los usuarios del servicio p\u00fablico de transporte, a trav\u00e9s de 100 puntos de revisi\u00f3n m\u00f3viles, que estar\u00e1n en las principales vialidades de la entidad y en los que participar\u00e1n el Ej\u00e9rcito, la Marina-Armada de M\u00e9xico, las polic\u00edas Federal, Estatal y corporaciones municipales. \u00c1vila Villegas dio a conocer los avances que se han registrado en el Operativo Seguridad Mexiquense, como es el descenso general del 12 por ciento en el total de las denuncias y de un 20 por ciento en delitos de alto impacto, como el secuestro y extorsi\u00f3n, durante 2014. Inform\u00f3 que en los primeros dos meses del presente a\u00f1o se registra una disminuci\u00f3n del 17 por ciento del total de denuncias, en comparaci\u00f3n con el mismo periodo del 2014. En este lapso las denuncias por delito de alto impacto registran un descenso del 21 por ciento; el robo con violencia se redujo 29 por ciento, el homicidio doloso 10 por ciento, el secuestro 2 por ciento y la violaci\u00f3n y extorsi\u00f3n 46 por ciento; asimismo, fueron detenidos m\u00e1s de mil delincuentes relacionados con estos il\u00edcitos. Destac\u00f3 que de esta forma queda demostrada la eficacia de las Bases de Operaci\u00f3n Mixta (BOM), la inteligencia que se est\u00e1 implementando y las acciones que todos en equipo est\u00e1n llevando a cabo. El gobernador dijo que con estos 100 puntos de revisi\u00f3n m\u00f3viles del Plan Tres se podr\u00e1n realizar inspecciones sorpresa, que permitir\u00e1n prevenir y combatir los delitos que se cometen en el transporte p\u00fablico, que es una de las principales demandas de la ciudadan\u00eda.<\/p>\n<p><em><a href=\"mailto:montanezaguilar@gmail.com\" target=\"_blank\">montanezaguilar@gmail.com<\/a><\/em><\/p>\n","protected":false},"excerpt":{"rendered":"<p><span style=\"color: #005497;\"><strong>Jos\u00e9 Luis Monta\u00f1ez Aguilar<\/strong><\/span><br \/>\n<br \/>\nCon el operativo Plan Tres (Transporte Estatal Seguro), que puso en marcha en gobernador Eruviel \u00c1vila Viullegas se refuerzan las acciones que se realizan para garantizar seguridad a los usuarios del servicio p\u00fablico de transporte, a trav\u00e9s de 100 puntos de revisi\u00f3n m\u00f3viles, que estar\u00e1n en las principales vialidades de la entidad y en los que participar\u00e1n el Ej\u00e9rcito, la Marina-Armada de M\u00e9xico, las polic\u00edas Federal, Estatal y corporaciones municipales. <\/p>\n","protected":false},"author":3,"featured_media":209490,"comment_status":"open","ping_status":"open","sticky":false,"template":"","format":"standard","meta":{"_monsterinsights_skip_tracking":false,"_monsterinsights_sitenote_active":false,"_monsterinsights_sitenote_note":"","_monsterinsights_sitenote_category":0,"footnotes":""},"categories":[5],"tags":[13284,43704,43674],"class_list":["post-209419","post","type-post","status-publish","format-standard","has-post-thumbnail","hentry","category-estado-de-mexico","tag-arco-norte","tag-jose-luis-montanez-aguilar","tag-opinion"],"_links":{"self":[{"href":"https:\/\/www.diarioimagen.net\/index.php?rest_route=\/wp\/v2\/posts\/209419","targetHints":{"allow":["GET"]}}],"collection":[{"href":"https:\/\/www.diarioimagen.net\/index.php?rest_route=\/wp\/v2\/posts"}],"about":[{"href":"https:\/\/www.diarioimagen.net\/index.php?rest_route=\/wp\/v2\/types\/post"}],"author":[{"embeddable":true,"href":"https:\/\/www.diarioimagen.net\/index.php?rest_route=\/wp\/v2\/users\/3"}],"replies":[{"embeddable":true,"href":"https:\/\/www.diarioimagen.net\/index.php?rest_route=%2Fwp%2Fv2%2Fcomments&post=209419"}],"version-history":[{"count":0,"href":"https:\/\/www.diarioimagen.net\/index.php?rest_route=\/wp\/v2\/posts\/209419\/revisions"}],"wp:featuredmedia":[{"embeddable":true,"href":"https:\/\/www.diarioimagen.net\/index.php?rest_route=\/wp\/v2\/media\/209490"}],"wp:attachment":[{"href":"https:\/\/www.diarioimagen.net\/index.php?rest_route=%2Fwp%2Fv2%2Fmedia&parent=209419"}],"wp:term":[{"taxonomy":"category","embeddable":true,"href":"https:\/\/www.diarioimagen.net\/index.php?rest_route=%2Fwp%2Fv2%2Fcategories&post=209419"},{"taxonomy":"post_tag","embeddable":true,"href":"https:\/\/www.diarioimagen.net\/index.php?rest_route=%2Fwp%2Fv2%2Ftags&post=209419"}],"curies":[{"name":"wp","href":"https:\/\/api.w.org\/{rel}","templated":true}]}}