{"id":209445,"date":"2015-03-10T00:04:03","date_gmt":"2015-03-10T06:04:03","guid":{"rendered":"http:\/\/www.diarioimagen.net\/?p=209445"},"modified":"2015-03-10T03:01:37","modified_gmt":"2015-03-10T09:01:37","slug":"venezuela-y-estados-unidos","status":"publish","type":"post","link":"https:\/\/www.diarioimagen.net\/?p=209445","title":{"rendered":"Venezuela y Estados Unidos"},"content":{"rendered":"<h2>Detr\u00e1s del Poder<\/h2>\n<h5>Jos\u00e9 Antonio L\u00f3pez Sosa<\/h5>\n<p>&nbsp;<\/p>\n<p>No cabe duda que Nicol\u00e1s Maduro y Diosdado Cabello son los principales enemigos de Venezuela, est\u00e1 claro que el gobierno de Venezuela hoy d\u00eda es el peor enemigo del pueblo venezolano.<\/p>\n<p>La corrupci\u00f3n desbordante, la irresponsabilidad en el manejo econ\u00f3mico, la falta de libertades y la inseguridad permanente es cosa del diario en Caracas y en las principales ciudades de la Rep\u00fablica Bolivariana de Venezuela. Desde la muerte de Hugo Ch\u00e1vez hace un par de a\u00f1os la crisis sistem\u00e1tica se aceler\u00f3 y cada que pensamos que han tocado fondo, algo peor ocurre.<\/p>\n<p>Es evidente que la descomposici\u00f3n no fue de un d\u00eda al otro, muchas de las decisiones erradas desde la administraci\u00f3n de Hugo Ch\u00e1vez se han reflejado (y potencializado) desde la llegada de Maduro al poder.<\/p>\n<p>La revoluci\u00f3n bolivariana necesita enemigos (reales o inventados) para subsistir, desde febrero del a\u00f1o pasado reencontraron a estudiantes y opositores como los enemigos que el r\u00e9gimen necesitaba para subsistir, sin enemigos no tendr\u00eda raz\u00f3n esa \u201clucha\u201d que dicen desde el oficialismo, est\u00e1n dando a diario.<\/p>\n<p>Por otro lado, los Estados Unidos se suben de forma gratuita a la arena con el r\u00e9gimen venezolano. Asegurar que Venezuela es un riesgo de seguridad para la Uni\u00f3n Americana trae de nuevo a aquel pa\u00eds al asiento de un presunto \u201cjuez del mundo\u201d, llevando a Nicol\u00e1s Maduro el enemigo real que necesitan para que sobreviva el r\u00e9gimen bolivariano.<\/p>\n<p>Si bien el gobierno de Estados Unidos tiene todo el derecho de negar visas y congelar bienes \u2013mismo derecho que tiene Venezuela\u2014, el acusar directamente a un estado extranjero como un problema de seguridad, es una decisi\u00f3n que como suele suceder, interviene en asuntos que s\u00f3lo compete a los pa\u00edses ajenos resolver.<\/p>\n<p>Vaya el asunto es claro, Venezuela est\u00e1 al borde del estallido social y de la quiebra mientras los Estados Unidos demuestran que pueden juzgar a pa\u00edses d\u00e9biles desde Washington, porque evidentemente no miden con la misma vara a otros pa\u00edses donde se violan sistem\u00e1ticamente los derechos humanos, como el caso de China o el mismo M\u00e9xico.<\/p>\n<p>Venezuela necesita un cambio, es un hecho, el gobierno actual lo sigue llevando al abismo, sin embargo, es torpe el razonamiento de quienes creen que ese cambio debe venir patrocinado por los Estados Unidos. As\u00ed saldr\u00eda m\u00e1s caro el caldo que las alb\u00f3ndigas, en s\u00edntesis.<\/p>\n<p><em><a href=\"mailto:lopez.sosa@mexico.com\" target=\"_blank\">lopez.sosa@mexico.com<\/a><\/em><br \/>\n<em><a href=\"http:\/\/twitter.com\/#%21\/joseantonio1977\" target=\"_blank\">@joseantonio1977<br \/>\n<\/a><a href=\"http:\/\/www.formulaconfidencial.com.mx\/\" target=\"_blank\">www.formulaconfidencial.com.mx<\/a><\/em><\/p>\n","protected":false},"excerpt":{"rendered":"<p><span style=\"color: #005497;\"><strong>Jos\u00e9 Antonio L\u00f3pez Sosa<\/strong><\/span><\/p>\n","protected":false},"author":3,"featured_media":0,"comment_status":"open","ping_status":"open","sticky":false,"template":"","format":"standard","meta":{"_monsterinsights_skip_tracking":false,"_monsterinsights_sitenote_active":false,"_monsterinsights_sitenote_note":"","_monsterinsights_sitenote_category":0,"footnotes":""},"categories":[637],"tags":[638,43690,43674],"class_list":["post-209445","post","type-post","status-publish","format-standard","hentry","category-jose-antonio-lopez-sosa","tag-detras-del-poder","tag-jose-antonio-lopez-sosa","tag-opinion"],"_links":{"self":[{"href":"https:\/\/www.diarioimagen.net\/index.php?rest_route=\/wp\/v2\/posts\/209445","targetHints":{"allow":["GET"]}}],"collection":[{"href":"https:\/\/www.diarioimagen.net\/index.php?rest_route=\/wp\/v2\/posts"}],"about":[{"href":"https:\/\/www.diarioimagen.net\/index.php?rest_route=\/wp\/v2\/types\/post"}],"author":[{"embeddable":true,"href":"https:\/\/www.diarioimagen.net\/index.php?rest_route=\/wp\/v2\/users\/3"}],"replies":[{"embeddable":true,"href":"https:\/\/www.diarioimagen.net\/index.php?rest_route=%2Fwp%2Fv2%2Fcomments&post=209445"}],"version-history":[{"count":0,"href":"https:\/\/www.diarioimagen.net\/index.php?rest_route=\/wp\/v2\/posts\/209445\/revisions"}],"wp:attachment":[{"href":"https:\/\/www.diarioimagen.net\/index.php?rest_route=%2Fwp%2Fv2%2Fmedia&parent=209445"}],"wp:term":[{"taxonomy":"category","embeddable":true,"href":"https:\/\/www.diarioimagen.net\/index.php?rest_route=%2Fwp%2Fv2%2Fcategories&post=209445"},{"taxonomy":"post_tag","embeddable":true,"href":"https:\/\/www.diarioimagen.net\/index.php?rest_route=%2Fwp%2Fv2%2Ftags&post=209445"}],"curies":[{"name":"wp","href":"https:\/\/api.w.org\/{rel}","templated":true}]}}