{"id":209482,"date":"2015-03-10T00:08:15","date_gmt":"2015-03-10T06:08:15","guid":{"rendered":"http:\/\/www.diarioimagen.net\/?p=209482"},"modified":"2015-03-10T03:27:10","modified_gmt":"2015-03-10T09:27:10","slug":"donara-japon-100-mil-dls-al-centro-de-integracion-juvenil-de-naucalpan","status":"publish","type":"post","link":"https:\/\/www.diarioimagen.net\/?p=209482","title":{"rendered":"Donar\u00e1 Jap\u00f3n 100 mil dls. al Centro de Integraci\u00f3n Juvenil de Naucalpan"},"content":{"rendered":"<ul>\n<li><strong><em>Firma convenio embajador<\/em><\/strong><\/li>\n<\/ul>\n<div id=\"attachment_209510\" style=\"width: 250px\" class=\"wp-caption alignleft\"><a href=\"http:\/\/www.diarioimagen.net\/?attachment_id=209510\" rel=\"attachment wp-att-209510\"><img loading=\"lazy\" decoding=\"async\" aria-describedby=\"caption-attachment-209510\" class=\"size-medium wp-image-209510\" src=\"http:\/\/www.diarioimagen.net\/wp-content\/uploads\/2015\/03\/naucalpan-2566-240x135.jpg\" alt=\"El embajador japon\u00e9s en M\u00e9xico, Akira Yamada, muestra el convenio firmado con el Centro de Integraci\u00f3n Juvenil de Naucalpan, que permite transferir 100 mil d\u00f3lares.\" width=\"240\" height=\"135\" srcset=\"https:\/\/www.diarioimagen.net\/wp-content\/uploads\/2015\/03\/naucalpan-2566-240x135.jpg 240w, https:\/\/www.diarioimagen.net\/wp-content\/uploads\/2015\/03\/naucalpan-2566-420x236.jpg 420w, https:\/\/www.diarioimagen.net\/wp-content\/uploads\/2015\/03\/naucalpan-2566.jpg 480w, https:\/\/www.diarioimagen.net\/wp-content\/uploads\/2015\/03\/naucalpan-2566-235x132.jpg 235w, https:\/\/www.diarioimagen.net\/wp-content\/uploads\/2015\/03\/naucalpan-2566-202x114.jpg 202w, https:\/\/www.diarioimagen.net\/wp-content\/uploads\/2015\/03\/naucalpan-2566-350x196.jpg 350w, https:\/\/www.diarioimagen.net\/wp-content\/uploads\/2015\/03\/naucalpan-2566-220x123.jpg 220w, https:\/\/www.diarioimagen.net\/wp-content\/uploads\/2015\/03\/naucalpan-2566-237x132.jpg 237w\" sizes=\"auto, (max-width: 240px) 100vw, 240px\" \/><\/a><p id=\"caption-attachment-209510\" class=\"wp-caption-text\">El embajador japon\u00e9s en M\u00e9xico, Akira Yamada, muestra el convenio firmado con el Centro de Integraci\u00f3n Juvenil de Naucalpan, que permite transferir 100 mil d\u00f3lares.<\/p><\/div>\n<p><strong>Naucalpan, Estado de M\u00e9xico<\/strong>.- Como parte del Programa de Asistencia a Proyectos Comunitarios y de Seguridad Humana del gobierno de Jap\u00f3n, Akira Yamada, embajador en M\u00e9xico, firm\u00f3 el convenio por medio del cual se donar\u00e1n 100 mil d\u00f3lares al Centro de Integraci\u00f3n Juvenil A.C. de Naucalpan.<\/p>\n<p>H\u00e9ctor Manuel Sosa Rodr\u00edguez, octavo regidor y representante del gobierno Municipal dio la bienvenida a embajador de Jap\u00f3n y a Isis \u00c1vila Villegas, presidenta del Sistema para el Desarrollo Integral de la Familia del Estado de M\u00e9xico (DIFEM) quien asisti\u00f3 como testigo de honor.<\/p>\n<p>A nombre del gobierno municipal de Naucalpan, el octavo regidor agradeci\u00f3 al embajador Akira Yamada su aporte en beneficio de los j\u00f3venes mexiquenses que atraviesan por una dif\u00edcil situaci\u00f3n y buscan una esperanza para salir adelante en su lucha contra las adicciones.<\/p>\n<p>\u201cEn Naucalpan nos queda claro que este tipo de centros de integraci\u00f3n prestan un servicio invaluable a la juventud, brindando una esperanza para la rehabilitaci\u00f3n y la reinserci\u00f3n de los j\u00f3venes a la sociedad, que han sido v\u00edctimas de alguna adicci\u00f3n, por lo que estoy seguro que \u00e9sta donaci\u00f3n servir\u00e1 para la remodelaci\u00f3n de este importante espacio\u201d, agreg\u00f3 Sosa Rodr\u00edguez.<\/p>\n<p>Akira Yamada, embajador de Jap\u00f3n en M\u00e9xico, explic\u00f3 que la donaci\u00f3n corresponde a un programa social que busca impulsar el desa\u00adrrollo de competencias f\u00edsica y psicosociales de los individuos, por lo que es aplicable en comunidades con programas sustentables, no gubernamentales.<\/p>\n","protected":false},"excerpt":{"rendered":"<p>Como parte del Programa de Asistencia a Proyectos Comunitarios y de Seguridad Humana del gobierno de Jap\u00f3n, Akira Yamada, embajador en M\u00e9xico, firm\u00f3 el convenio por medio del cual se donar\u00e1n 100 mil d\u00f3lares al Centro de Integraci\u00f3n Juvenil A.C. de Naucalpan.<\/p>\n","protected":false},"author":3,"featured_media":209510,"comment_status":"open","ping_status":"open","sticky":false,"template":"","format":"standard","meta":{"_monsterinsights_skip_tracking":false,"_monsterinsights_sitenote_active":false,"_monsterinsights_sitenote_note":"","_monsterinsights_sitenote_category":0,"footnotes":""},"categories":[5],"tags":[7995,19019,43675,847,970],"class_list":["post-209482","post","type-post","status-publish","format-standard","has-post-thumbnail","hentry","category-estado-de-mexico","tag-dolares","tag-donacion","tag-estado-de-mexico","tag-japon","tag-naucalpan"],"_links":{"self":[{"href":"https:\/\/www.diarioimagen.net\/index.php?rest_route=\/wp\/v2\/posts\/209482","targetHints":{"allow":["GET"]}}],"collection":[{"href":"https:\/\/www.diarioimagen.net\/index.php?rest_route=\/wp\/v2\/posts"}],"about":[{"href":"https:\/\/www.diarioimagen.net\/index.php?rest_route=\/wp\/v2\/types\/post"}],"author":[{"embeddable":true,"href":"https:\/\/www.diarioimagen.net\/index.php?rest_route=\/wp\/v2\/users\/3"}],"replies":[{"embeddable":true,"href":"https:\/\/www.diarioimagen.net\/index.php?rest_route=%2Fwp%2Fv2%2Fcomments&post=209482"}],"version-history":[{"count":0,"href":"https:\/\/www.diarioimagen.net\/index.php?rest_route=\/wp\/v2\/posts\/209482\/revisions"}],"wp:featuredmedia":[{"embeddable":true,"href":"https:\/\/www.diarioimagen.net\/index.php?rest_route=\/wp\/v2\/media\/209510"}],"wp:attachment":[{"href":"https:\/\/www.diarioimagen.net\/index.php?rest_route=%2Fwp%2Fv2%2Fmedia&parent=209482"}],"wp:term":[{"taxonomy":"category","embeddable":true,"href":"https:\/\/www.diarioimagen.net\/index.php?rest_route=%2Fwp%2Fv2%2Fcategories&post=209482"},{"taxonomy":"post_tag","embeddable":true,"href":"https:\/\/www.diarioimagen.net\/index.php?rest_route=%2Fwp%2Fv2%2Ftags&post=209482"}],"curies":[{"name":"wp","href":"https:\/\/api.w.org\/{rel}","templated":true}]}}