{"id":209575,"date":"2015-03-11T00:06:16","date_gmt":"2015-03-11T06:06:16","guid":{"rendered":"http:\/\/www.diarioimagen.net\/?p=209575"},"modified":"2015-03-13T06:27:11","modified_gmt":"2015-03-13T12:27:11","slug":"propone-eruviel-avila-elegir-el-apellido-materno-como-el-inicial","status":"publish","type":"post","link":"https:\/\/www.diarioimagen.net\/?p=209575","title":{"rendered":"Propone Eruviel \u00c1vila elegir el apellido materno como el inicial"},"content":{"rendered":"<ul>\n<li><strong><em>El prop\u00f3sito es dar reconocimiento a las mujeres y evitar discriminaci\u00f3n<\/em><\/strong><\/li>\n<\/ul>\n<h6>Redacci\u00f3n<\/h6>\n<p>&nbsp;<\/p>\n<div id=\"attachment_209636\" style=\"width: 250px\" class=\"wp-caption alignleft\"><a href=\"http:\/\/www.diarioimagen.net\/?attachment_id=209636\" rel=\"attachment wp-att-209636\"><img loading=\"lazy\" decoding=\"async\" aria-describedby=\"caption-attachment-209636\" class=\"size-medium wp-image-209636\" src=\"http:\/\/www.diarioimagen.net\/wp-content\/uploads\/2015\/03\/eruviel-2567-240x135.jpg\" alt=\"El gobernador del Estado de M\u00e9xico, Eruviel \u00c1vila Villegas, inform\u00f3 en Chicoloapan que con el prop\u00f3sito de promover la equidad de g\u00e9nero, enviar\u00e1 una iniciativa de ley para que los padres puedan elegir si su hijo lleva primero el apellido materno, como reconocimiento a las mujeres mexiquenses y evitar discriminaci\u00f3n.\" width=\"240\" height=\"135\" srcset=\"https:\/\/www.diarioimagen.net\/wp-content\/uploads\/2015\/03\/eruviel-2567-240x135.jpg 240w, https:\/\/www.diarioimagen.net\/wp-content\/uploads\/2015\/03\/eruviel-2567-420x236.jpg 420w, https:\/\/www.diarioimagen.net\/wp-content\/uploads\/2015\/03\/eruviel-2567.jpg 480w, https:\/\/www.diarioimagen.net\/wp-content\/uploads\/2015\/03\/eruviel-2567-235x132.jpg 235w, https:\/\/www.diarioimagen.net\/wp-content\/uploads\/2015\/03\/eruviel-2567-202x114.jpg 202w, https:\/\/www.diarioimagen.net\/wp-content\/uploads\/2015\/03\/eruviel-2567-350x196.jpg 350w, https:\/\/www.diarioimagen.net\/wp-content\/uploads\/2015\/03\/eruviel-2567-220x123.jpg 220w, https:\/\/www.diarioimagen.net\/wp-content\/uploads\/2015\/03\/eruviel-2567-237x132.jpg 237w\" sizes=\"auto, (max-width: 240px) 100vw, 240px\" \/><\/a><p id=\"caption-attachment-209636\" class=\"wp-caption-text\">El gobernador del Estado de M\u00e9xico, Eruviel \u00c1vila Villegas, inform\u00f3 en Chicoloapan que con el prop\u00f3sito de promover la equidad de g\u00e9nero, enviar\u00e1 una iniciativa de ley para que los padres puedan elegir si su hijo lleva primero el apellido materno, como reconocimiento a las mujeres mexiquenses y evitar discriminaci\u00f3n.<\/p><\/div>\n<p>El gobernador Eruviel \u00c1vila Villegas inform\u00f3 que con el prop\u00f3sito de promover la equidad de g\u00e9nero, enviar\u00e1 una iniciativa de ley para que los padres puedan elegir si su hijo lleva primero el apellido materno, como reconocimiento a las mujeres mexiquenses y evitar discriminaci\u00f3n.<\/p>\n<p>\u201cEsto es en apoyo a las mujeres, es para evitar discriminaci\u00f3n, es decir, si ustedes mam\u00e1s quieren, ya le podr\u00e1n decir a su esposo cuando tengan un hijo, vamos a ponerle primero el apellido m\u00edo, de la mam\u00e1, y despu\u00e9s el del pap\u00e1, esto va a ser posible legalmente.<\/p>\n<p>\u201cEl machismo debe quedar atr\u00e1s, las mujeres son talentosas, buenas administradoras, honradas, capaces, luchonas; por eso, todos, las mujeres, los varones, los gobiernos y desde el Estado de M\u00e9xico todo nuestro respeto a las mujeres\u201d, se\u00f1al\u00f3.<\/p>\n<p>Al entregar apoyos de las Acciones por la Educaci\u00f3n a alumnos de Chimalhuac\u00e1n, Ixtapaluca, Chicoloapan y La Paz, el mandatario explic\u00f3 que estas modificaciones corresponden a una serie de acciones en materia de Registro Civil, que se llevan a cabo en el Estado de M\u00e9xico, como la instalaci\u00f3n en las pr\u00f3ximas semanas de cajeros autom\u00e1ticos, en los que se expedir\u00e1n actas de nacimiento y se ubicar\u00e1n en Ecatepec, Naucalpan, Tlalnepantla, Toluca y Chalco, como ya ocurre en Metepec, para evitar p\u00e9rdidas de tiempo y dinero, al acudir a una oficina a realizar el tr\u00e1mite.<\/p>\n<p>Adem\u00e1s, en la entidad existe la posibilidad de poder cambiar el nombre a los menores, sin necesidad de llevar un juicio ni pagar los servicios de un abogado, con el objetivo de que no sean discriminados por llevar un nombre incorrecto, que en ocasiones los hace v\u00edctima de burlas o maltrato.<\/p>\n<p>\u201cNos estamos modernizando, el Estado de M\u00e9xico se est\u00e1 modernizado y le est\u00e1 haciendo la vida m\u00e1s f\u00e1cil a los ciudadanos, porque esa es la misi\u00f3n de un gobierno, hacer la vida f\u00e1cil a sus gobernados, no complicarles las cosas\u201d.<\/p>\n<p>Al mencionar las Acciones por la Educaci\u00f3n, \u00c1vila Villegas se\u00f1al\u00f3 que \u00e9stas ayudar\u00e1n a formar a los j\u00f3venes y futuras generaciones que aspiren a una preparaci\u00f3n competente y de calidad, porque es la palanca de desarrollo y s\u00f3lo por esta v\u00eda se puede llegar a una superaci\u00f3n personal.<\/p>\n<p>En este evento, el Ejecutivo estatal entreg\u00f3 tarjetas La Efectiva a integrantes de escoltas, kits deportivos para los estudiantes, becas a alumnos de excelencia, equipos de c\u00f3mputo especiales para ni\u00f1os con capacidades especiales, entre otros.<\/p>\n","protected":false},"excerpt":{"rendered":"<p>El gobernador Eruviel \u00c1vila Villegas inform\u00f3 que con el prop\u00f3sito de promover la equidad de g\u00e9nero, enviar\u00e1 una iniciativa de ley para que los padres puedan elegir si su hijo lleva primero el apellido materno, como reconocimiento a las mujeres mexiquenses y evitar discriminaci\u00f3n.<\/p>\n","protected":false},"author":3,"featured_media":209636,"comment_status":"open","ping_status":"open","sticky":false,"template":"","format":"standard","meta":{"_monsterinsights_skip_tracking":false,"_monsterinsights_sitenote_active":false,"_monsterinsights_sitenote_note":"","_monsterinsights_sitenote_category":0,"footnotes":""},"categories":[5],"tags":[5828,43675],"class_list":["post-209575","post","type-post","status-publish","format-standard","has-post-thumbnail","hentry","category-estado-de-mexico","tag-eruviel-avila-villegas","tag-estado-de-mexico"],"_links":{"self":[{"href":"https:\/\/www.diarioimagen.net\/index.php?rest_route=\/wp\/v2\/posts\/209575","targetHints":{"allow":["GET"]}}],"collection":[{"href":"https:\/\/www.diarioimagen.net\/index.php?rest_route=\/wp\/v2\/posts"}],"about":[{"href":"https:\/\/www.diarioimagen.net\/index.php?rest_route=\/wp\/v2\/types\/post"}],"author":[{"embeddable":true,"href":"https:\/\/www.diarioimagen.net\/index.php?rest_route=\/wp\/v2\/users\/3"}],"replies":[{"embeddable":true,"href":"https:\/\/www.diarioimagen.net\/index.php?rest_route=%2Fwp%2Fv2%2Fcomments&post=209575"}],"version-history":[{"count":0,"href":"https:\/\/www.diarioimagen.net\/index.php?rest_route=\/wp\/v2\/posts\/209575\/revisions"}],"wp:featuredmedia":[{"embeddable":true,"href":"https:\/\/www.diarioimagen.net\/index.php?rest_route=\/wp\/v2\/media\/209636"}],"wp:attachment":[{"href":"https:\/\/www.diarioimagen.net\/index.php?rest_route=%2Fwp%2Fv2%2Fmedia&parent=209575"}],"wp:term":[{"taxonomy":"category","embeddable":true,"href":"https:\/\/www.diarioimagen.net\/index.php?rest_route=%2Fwp%2Fv2%2Fcategories&post=209575"},{"taxonomy":"post_tag","embeddable":true,"href":"https:\/\/www.diarioimagen.net\/index.php?rest_route=%2Fwp%2Fv2%2Ftags&post=209575"}],"curies":[{"name":"wp","href":"https:\/\/api.w.org\/{rel}","templated":true}]}}