{"id":209597,"date":"2015-03-11T00:08:22","date_gmt":"2015-03-11T06:08:22","guid":{"rendered":"http:\/\/www.diarioimagen.net\/?p=209597"},"modified":"2015-03-11T03:42:55","modified_gmt":"2015-03-11T09:42:55","slug":"el-potrobus-llega-a-ecatepec","status":"publish","type":"post","link":"https:\/\/www.diarioimagen.net\/?p=209597","title":{"rendered":"El \u201cPotroB\u00fas\u201d llega a Ecatepec"},"content":{"rendered":"<div id=\"attachment_209642\" style=\"width: 250px\" class=\"wp-caption alignleft\"><a href=\"http:\/\/www.diarioimagen.net\/?attachment_id=209642\" rel=\"attachment wp-att-209642\"><img loading=\"lazy\" decoding=\"async\" aria-describedby=\"caption-attachment-209642\" class=\"size-medium wp-image-209642\" src=\"http:\/\/www.diarioimagen.net\/wp-content\/uploads\/2015\/03\/UAEM-2567-240x135.jpg\" alt=\"El Sistema de Transporte Escolar Universitario \u201cPotroB\u00fas\u201d tiene como prop\u00f3sito fundamental apoyar a la comunidad estudiantil, principalmente a aquellos j\u00f3venes de escasos recursos, puntualiz\u00f3 el rector de la UAEM, Jorge Olvera Garc\u00eda, al entregar una unidad del Sistema en el Centro Universitario UAEM Ecatepec.\" width=\"240\" height=\"135\" srcset=\"https:\/\/www.diarioimagen.net\/wp-content\/uploads\/2015\/03\/UAEM-2567-240x135.jpg 240w, https:\/\/www.diarioimagen.net\/wp-content\/uploads\/2015\/03\/UAEM-2567-420x236.jpg 420w, https:\/\/www.diarioimagen.net\/wp-content\/uploads\/2015\/03\/UAEM-2567.jpg 480w, https:\/\/www.diarioimagen.net\/wp-content\/uploads\/2015\/03\/UAEM-2567-235x132.jpg 235w, https:\/\/www.diarioimagen.net\/wp-content\/uploads\/2015\/03\/UAEM-2567-202x114.jpg 202w, https:\/\/www.diarioimagen.net\/wp-content\/uploads\/2015\/03\/UAEM-2567-350x196.jpg 350w, https:\/\/www.diarioimagen.net\/wp-content\/uploads\/2015\/03\/UAEM-2567-220x123.jpg 220w, https:\/\/www.diarioimagen.net\/wp-content\/uploads\/2015\/03\/UAEM-2567-237x132.jpg 237w\" sizes=\"auto, (max-width: 240px) 100vw, 240px\" \/><\/a><p id=\"caption-attachment-209642\" class=\"wp-caption-text\">El Sistema de Transporte Escolar Universitario \u201cPotroB\u00fas\u201d tiene como prop\u00f3sito fundamental apoyar a la comunidad estudiantil, principalmente a aquellos j\u00f3venes de escasos recursos, puntualiz\u00f3 el rector de la UAEM, Jorge Olvera Garc\u00eda, al entregar una unidad del Sistema en el Centro Universitario UAEM Ecatepec.<\/p><\/div>\n<p>El Sistema de Transporte Escolar Universitario \u201cPotroB\u00fas\u201d tiene como prop\u00f3sito fundamental apoyar a la comunidad estudiantil, principalmente a aquellos j\u00f3venes de escasos recursos, puntualiz\u00f3 el rector de la Universidad Aut\u00f3noma del Estado de M\u00e9xico, Jorge Olvera Garc\u00eda, al entregar una unidad del Sistema en el Centro Universitario UAEM Ecatepec.<\/p>\n<p>Acompa\u00f1ado por el encargado del despacho de la direcci\u00f3n de este espacio universitario, Cuauht\u00e9moc Hidalgo Cort\u00e9s, el rector de la m\u00e1xima casa de estudios mexiquense destac\u00f3 que uno de los prop\u00f3sitos del \u201cPotroB\u00fas\u201d es brindar a los estudiantes m\u00e1s oportunidades para que realicen y concluyan sus estudios profesionales de manera satisfactoria; detall\u00f3 que con el apoyo del gobernador de la entidad, Eruviel \u00c1vila Villegas, estos apoyos se han incrementado, en beneficio de un mayor n\u00famero de universitarios.<\/p>\n<p>En el acto, al que asistieron los secretarios de Docencia, Alfredo Barrera Baca; Administraci\u00f3n, Javier Gonz\u00e1lez Mart\u00ednez, y T\u00e9cnico de Rector\u00eda, Jorge Bern\u00e1ldez Garc\u00eda, Jorge Olvera enfatiz\u00f3 que un ejemplo del apoyo que el titular del ejecutivo mexiquense brinda a la comunidad universitaria es el \u201cPotroB\u00fas\u201d, que funciona bajo altos est\u00e1ndares de calidad, seguridad y de forma gratuita.<\/p>\n<p>El apoyo irrestricto del gobernador \u00c1vila Villegas, manifest\u00f3, permite ofrecer mediante unidades nuevas y totalmente equipadas, el servicio en la ciudad de Toluca, as\u00ed como en espacio acad\u00e9micos for\u00e1neos -Amecameca, Temascaltepec y Chimalhuac\u00e1n-, a trav\u00e9s de rutas establecidas.<\/p>\n<p>Luego de entregar las llaves del \u201cPotroB\u00fas\u201d a Cuauht\u00e9moc Hidalgo Cort\u00e9s, Jorge Olvera Garc\u00eda inform\u00f3 a la comunidad del Centro Universitario UAEM Ecatepec que tambi\u00e9n se otorgar\u00e1 una plaza para el conductor de la unidad, quien estar\u00e1 perfectamente capacitado para ofrecer un servicio de calidad a los estudiantes universitarios.<\/p>\n<p>Cabe destacar que posteriormente, el rector de la Universidad Aut\u00f3noma del Estado de M\u00e9xico hizo un recorrido por las instalaciones del Centro Universitario UAEM Ecatepec, para que en el marco del programa \u201cEscuchar y Trabajar para Transformar\u201d, conocer las inquietudes y necesidades de los alumnos, acad\u00e9micos y personal administrativo, para darles pronta respuesta.<\/p>\n","protected":false},"excerpt":{"rendered":"<p>El Sistema de Transporte Escolar Universitario \u201cPotroB\u00fas\u201d tiene como prop\u00f3sito fundamental apoyar a la comunidad estudiantil, principalmente a aquellos j\u00f3venes de escasos recursos, puntualiz\u00f3 el rector de la Universidad Aut\u00f3noma del Estado de M\u00e9xico, Jorge Olvera Garc\u00eda, al entregar una unidad del Sistema en el Centro Universitario UAEM Ecatepec.<\/p>\n","protected":false},"author":3,"featured_media":209642,"comment_status":"open","ping_status":"open","sticky":false,"template":"","format":"standard","meta":{"_monsterinsights_skip_tracking":false,"_monsterinsights_sitenote_active":false,"_monsterinsights_sitenote_note":"","_monsterinsights_sitenote_category":0,"footnotes":""},"categories":[5],"tags":[454,5828],"class_list":["post-209597","post","type-post","status-publish","format-standard","has-post-thumbnail","hentry","category-estado-de-mexico","tag-ecatepec","tag-eruviel-avila-villegas"],"_links":{"self":[{"href":"https:\/\/www.diarioimagen.net\/index.php?rest_route=\/wp\/v2\/posts\/209597","targetHints":{"allow":["GET"]}}],"collection":[{"href":"https:\/\/www.diarioimagen.net\/index.php?rest_route=\/wp\/v2\/posts"}],"about":[{"href":"https:\/\/www.diarioimagen.net\/index.php?rest_route=\/wp\/v2\/types\/post"}],"author":[{"embeddable":true,"href":"https:\/\/www.diarioimagen.net\/index.php?rest_route=\/wp\/v2\/users\/3"}],"replies":[{"embeddable":true,"href":"https:\/\/www.diarioimagen.net\/index.php?rest_route=%2Fwp%2Fv2%2Fcomments&post=209597"}],"version-history":[{"count":0,"href":"https:\/\/www.diarioimagen.net\/index.php?rest_route=\/wp\/v2\/posts\/209597\/revisions"}],"wp:featuredmedia":[{"embeddable":true,"href":"https:\/\/www.diarioimagen.net\/index.php?rest_route=\/wp\/v2\/media\/209642"}],"wp:attachment":[{"href":"https:\/\/www.diarioimagen.net\/index.php?rest_route=%2Fwp%2Fv2%2Fmedia&parent=209597"}],"wp:term":[{"taxonomy":"category","embeddable":true,"href":"https:\/\/www.diarioimagen.net\/index.php?rest_route=%2Fwp%2Fv2%2Fcategories&post=209597"},{"taxonomy":"post_tag","embeddable":true,"href":"https:\/\/www.diarioimagen.net\/index.php?rest_route=%2Fwp%2Fv2%2Ftags&post=209597"}],"curies":[{"name":"wp","href":"https:\/\/api.w.org\/{rel}","templated":true}]}}