{"id":209616,"date":"2015-03-11T00:03:09","date_gmt":"2015-03-11T06:03:09","guid":{"rendered":"http:\/\/www.diarioimagen.net\/?p=209616"},"modified":"2015-03-11T05:00:54","modified_gmt":"2015-03-11T11:00:54","slug":"proselitismo-gubernamental","status":"publish","type":"post","link":"https:\/\/www.diarioimagen.net\/?p=209616","title":{"rendered":"Proselitismo gubernamental"},"content":{"rendered":"<h2>Acta P\u00fablica<\/h2>\n<h5>Claudia Rodr\u00edguez<\/h5>\n<p>&nbsp;<\/p>\n<p>En medio de la desconfianza institucional pocos de los votantes han ca\u00eddo en la cuenta de que estamos a s\u00f3lo tres meses de la jornada electoral del domingo 7 de junio y que as\u00ed como el Partido Verde Ecologista de M\u00e9xico (PVEM) est\u00e1 sonando entre el electorado gracias a la campa\u00f1a que ha realizado desde hace meses, pese a las multas millonarias que ya le impuso el Instituto Nacional Electoral (INE); asimismo, el partido en el poder antes de \u201cMover a M\u00e9xico\u201d, puso en activo a su gabinete para intentar presumir desde el Ejecutivo\u00a0c\u00f3mo el PRI, con las reformas estructurales aprobadas por el Congreso durante esta administraci\u00f3n, s\u00ed podr\u00edan con estos intentos medi\u00e1ticos captar el voto de los ciudadanos.<\/p>\n<p>Aunque el presidente Enrique Pe\u00f1a Nieto ha justificado la rendici\u00f3n de cuentas de los avances de las reformas, porque tiene la convicci\u00f3n de que los mexicanos tenemos el derecho a conocer los detalles de este proceso, la verdad es que el Ejecutivo quiere una agresiva campa\u00f1a electoral y no escatimar\u00e1 en usar todos los recursos a su alcance.<\/p>\n<p>As\u00ed, toc\u00f3 el lunes al titular de Energ\u00eda, Pedro Joaqu\u00edn Coldwell, hacer su presentaci\u00f3n; ayer, al secretario de Comunicaciones y Transportes, Gerardo Luis Esparza; Hacienda, Trabajo, Educaci\u00f3n y Desarrollo Agrario, Territorial y Urbano, a lo largo de estos d\u00edas de manera consecutiva.<\/p>\n<p>En realidad, no hay necesidad de detallar los \u201cavances\u201d de las reformas estructurales en relaci\u00f3n a cada cartera gubernamental que ya se escuchan y se leen como exclusivas en distintos medios de comunicaci\u00f3n.\u00a0Lo que hay detr\u00e1s es lo importante.<\/p>\n<p>El PRI est\u00e1 decidido a ir por el voto ciudadano el pr\u00f3ximo 7 de junio y hasta los miembros del gabinete presidencial tendr\u00e1n que hacer su parte.<\/p>\n<p>Hay que hablar de puras cosas positivas de aqu\u00ed al d\u00eda del sufragio.\u00a0Lo importante es dar esperanza a los mexicanos, pese a que el pa\u00eds en lo econ\u00f3mico y en lo social se est\u00e9 cayendo a pedazos.<\/p>\n<p>Y en el terreno de la justicia, ni hablar.\u00a0Los presuntos delincuentes a quienes se les se\u00f1ala como de importante peligrosidad salen m\u00e1s r\u00e1pido de una c\u00e1rcel de alta seguridad, que aquellos de quienes se presumen delitos y ni a proceso llegan.<\/p>\n<p>\u00a1Cuidado! M\u00e9xico est\u00e1 en campa\u00f1a electoral y para los partidos es tiempo de promesas y mentiras.<\/p>\n<p><strong><em>Acta Divina\u2026<\/em><\/strong> A partir de la convicci\u00f3n de que la ciudadan\u00eda tiene el derecho a conocer los detalles del avance tras la aprobaci\u00f3n de las reformas estructurales, la Presidencia de la Rep\u00fablica informa que se dar\u00e1n a conocer los mismos en la voz de los distintos secretarios de Estado involucrados esta tarea.<\/p>\n<p><strong><em>Para advertir\u2026 <\/em><\/strong>Todas las promesas pueden encontrar el desencanto tras la jornada electoral.<\/p>\n<p><em><a href=\"mailto:actapublica@gmail.com\" target=\"_blank\">actapublica@gmail.com<\/a><\/em><\/p>\n","protected":false},"excerpt":{"rendered":"<p><span style=\"color: #005497;\"><strong>Claudia Rodr\u00edguez<\/strong><\/span><\/p>\n","protected":false},"author":3,"featured_media":0,"comment_status":"open","ping_status":"open","sticky":false,"template":"","format":"standard","meta":{"_monsterinsights_skip_tracking":false,"_monsterinsights_sitenote_active":false,"_monsterinsights_sitenote_note":"","_monsterinsights_sitenote_category":0,"footnotes":""},"categories":[1281],"tags":[43674],"class_list":["post-209616","post","type-post","status-publish","format-standard","hentry","category-claudia-rodriguez","tag-opinion"],"_links":{"self":[{"href":"https:\/\/www.diarioimagen.net\/index.php?rest_route=\/wp\/v2\/posts\/209616","targetHints":{"allow":["GET"]}}],"collection":[{"href":"https:\/\/www.diarioimagen.net\/index.php?rest_route=\/wp\/v2\/posts"}],"about":[{"href":"https:\/\/www.diarioimagen.net\/index.php?rest_route=\/wp\/v2\/types\/post"}],"author":[{"embeddable":true,"href":"https:\/\/www.diarioimagen.net\/index.php?rest_route=\/wp\/v2\/users\/3"}],"replies":[{"embeddable":true,"href":"https:\/\/www.diarioimagen.net\/index.php?rest_route=%2Fwp%2Fv2%2Fcomments&post=209616"}],"version-history":[{"count":0,"href":"https:\/\/www.diarioimagen.net\/index.php?rest_route=\/wp\/v2\/posts\/209616\/revisions"}],"wp:attachment":[{"href":"https:\/\/www.diarioimagen.net\/index.php?rest_route=%2Fwp%2Fv2%2Fmedia&parent=209616"}],"wp:term":[{"taxonomy":"category","embeddable":true,"href":"https:\/\/www.diarioimagen.net\/index.php?rest_route=%2Fwp%2Fv2%2Fcategories&post=209616"},{"taxonomy":"post_tag","embeddable":true,"href":"https:\/\/www.diarioimagen.net\/index.php?rest_route=%2Fwp%2Fv2%2Ftags&post=209616"}],"curies":[{"name":"wp","href":"https:\/\/api.w.org\/{rel}","templated":true}]}}