{"id":209645,"date":"2015-03-11T00:03:59","date_gmt":"2015-03-11T06:03:59","guid":{"rendered":"http:\/\/www.diarioimagen.net\/?p=209645"},"modified":"2015-03-11T05:50:23","modified_gmt":"2015-03-11T11:50:23","slug":"fallecen-medallistas-olimpicos-en-accidente-aereo-en-argentina","status":"publish","type":"post","link":"https:\/\/www.diarioimagen.net\/?p=209645","title":{"rendered":"Fallecen medallistas ol\u00edmpicos en accidente a\u00e9reo en Argentina"},"content":{"rendered":"<ul>\n<li><strong><em>Diez muertos en choque de helic\u00f3pteros<\/em><\/strong><\/li>\n<\/ul>\n<p><a href=\"http:\/\/www.diarioimagen.net\/?attachment_id=209698\" rel=\"attachment wp-att-209698\"><img loading=\"lazy\" decoding=\"async\" class=\"alignleft size-medium wp-image-209698\" src=\"http:\/\/www.diarioimagen.net\/wp-content\/uploads\/2015\/03\/deportes-2567-240x135.jpg\" alt=\"deportes-2567\" width=\"240\" height=\"135\" srcset=\"https:\/\/www.diarioimagen.net\/wp-content\/uploads\/2015\/03\/deportes-2567-240x135.jpg 240w, https:\/\/www.diarioimagen.net\/wp-content\/uploads\/2015\/03\/deportes-2567-420x236.jpg 420w, https:\/\/www.diarioimagen.net\/wp-content\/uploads\/2015\/03\/deportes-2567.jpg 480w, https:\/\/www.diarioimagen.net\/wp-content\/uploads\/2015\/03\/deportes-2567-235x132.jpg 235w, https:\/\/www.diarioimagen.net\/wp-content\/uploads\/2015\/03\/deportes-2567-202x114.jpg 202w, https:\/\/www.diarioimagen.net\/wp-content\/uploads\/2015\/03\/deportes-2567-350x196.jpg 350w, https:\/\/www.diarioimagen.net\/wp-content\/uploads\/2015\/03\/deportes-2567-220x123.jpg 220w, https:\/\/www.diarioimagen.net\/wp-content\/uploads\/2015\/03\/deportes-2567-237x132.jpg 237w\" sizes=\"auto, (max-width: 240px) 100vw, 240px\" \/><\/a>Algunos destacados deportistas figuran entre los ochos franceses que murieron la noche del lunes cuando filmaban el \u2018reality\u2019 de supervivencia Dropped, en una zona remota al noroeste de Argentina, donde se estrellaron dos helic\u00f3pteros piloteados por argentinos que tambi\u00e9n fallecieron en este siniestro.<\/p>\n<p>La navegadora Florence Arthaud, la nadadora Camille Muffat y el boxeador Alexis Vastine, los dos \u00faltimos campeones ol\u00edmpicos, figuran en la lista de 10 muertos por este accidente mientras rodaban el programa para el canal de televisi\u00f3n TF1, indicaron las autoridades argentinas.<\/p>\n<p>El presidente Francois Hollande expres\u00f3 \u201csu estupor y conmoci\u00f3n\u201d la madrugada del martes cuando se enter\u00f3 de esta tragedia.<\/p>\n<p>\u201cLa desaparici\u00f3n brutal de nuestros compatriotas significa una inmensa tristeza\u201d, dijo Hollande en un comunicado publicado por el Palacio del El\u00edseo.<\/p>\n<p>\u201cLa empresa Dropped dio a conocer el listado de las personas fallecidas en el accidente\u201d entre las que destacan Muffat, campeona en los Juegos Ol\u00edmpicos de Londres 2012, el boxeador Vastine, medalla de bronce en los Juegos Ol\u00edmpicos de Pek\u00edn 2008 y Arthaud, una veterana navegadora conocida en Francia como \u2018la novia del Atl\u00e1ntico\u2019, detall\u00f3 la gobernaci\u00f3n de la provincia de La Rioja en un comunicado.<\/p>\n<p>\u201cOcho franceses que participaban en el rodaje de un programa de la televisi\u00f3n francesa en la provincia de La Rioja fallecieron en el accidente. Los dos pilotos argentinos tambi\u00e9n murieron\u201d cuando los dos aparatos chocaron en pleno vuelo el lunes en la tarde, inform\u00f3 a un polic\u00eda que pidi\u00f3 el anonimato.<\/p>\n<p>El balance coincidi\u00f3 con el de la Gobernaci\u00f3n de La Rioja, a 1.100 km al noroeste de Buenos Aires, donde ocurri\u00f3 el accidente.<\/p>\n<p>El accidente se produjo cerca de las 17H00 locales (20H00GMT) en la localidad de Villa Castelli, un paraje monta\u00f1oso y donde dominan los cielos despejados, a 300 km de la capital de esta provincia.<\/p>\n<p>Uno de los aparatos hab\u00eda sido prestado por la Gobernaci\u00f3n de La Rioja y el otro pertenec\u00eda a la polic\u00eda de la provincia vecina Santiago del Estero.<\/p>\n<p>Seg\u00fan la radio local Fenix en cada uno viajaban cinco personas -cuatro franceses y un piloto argentino por aparato. El accidente ocurri\u00f3 sobre Quebrada El Yeso y Quebrada Condado.<\/p>\n","protected":false},"excerpt":{"rendered":"<p>Algunos destacados deportistas figuran entre los ochos franceses que murieron la noche del lunes cuando filmaban el \u2018reality\u2019 de supervivencia Dropped, en una zona remota al noroeste de Argentina, donde se estrellaron dos helic\u00f3pteros piloteados por argentinos que tambi\u00e9n fallecieron en este siniestro.<\/p>\n","protected":false},"author":3,"featured_media":209698,"comment_status":"open","ping_status":"open","sticky":false,"template":"","format":"standard","meta":{"_monsterinsights_skip_tracking":false,"_monsterinsights_sitenote_active":false,"_monsterinsights_sitenote_note":"","_monsterinsights_sitenote_category":0,"footnotes":""},"categories":[10],"tags":[121,43680],"class_list":["post-209645","post","type-post","status-publish","format-standard","has-post-thumbnail","hentry","category-deportes","tag-argentina","tag-deportes"],"_links":{"self":[{"href":"https:\/\/www.diarioimagen.net\/index.php?rest_route=\/wp\/v2\/posts\/209645","targetHints":{"allow":["GET"]}}],"collection":[{"href":"https:\/\/www.diarioimagen.net\/index.php?rest_route=\/wp\/v2\/posts"}],"about":[{"href":"https:\/\/www.diarioimagen.net\/index.php?rest_route=\/wp\/v2\/types\/post"}],"author":[{"embeddable":true,"href":"https:\/\/www.diarioimagen.net\/index.php?rest_route=\/wp\/v2\/users\/3"}],"replies":[{"embeddable":true,"href":"https:\/\/www.diarioimagen.net\/index.php?rest_route=%2Fwp%2Fv2%2Fcomments&post=209645"}],"version-history":[{"count":0,"href":"https:\/\/www.diarioimagen.net\/index.php?rest_route=\/wp\/v2\/posts\/209645\/revisions"}],"wp:featuredmedia":[{"embeddable":true,"href":"https:\/\/www.diarioimagen.net\/index.php?rest_route=\/wp\/v2\/media\/209698"}],"wp:attachment":[{"href":"https:\/\/www.diarioimagen.net\/index.php?rest_route=%2Fwp%2Fv2%2Fmedia&parent=209645"}],"wp:term":[{"taxonomy":"category","embeddable":true,"href":"https:\/\/www.diarioimagen.net\/index.php?rest_route=%2Fwp%2Fv2%2Fcategories&post=209645"},{"taxonomy":"post_tag","embeddable":true,"href":"https:\/\/www.diarioimagen.net\/index.php?rest_route=%2Fwp%2Fv2%2Ftags&post=209645"}],"curies":[{"name":"wp","href":"https:\/\/api.w.org\/{rel}","templated":true}]}}