{"id":209752,"date":"2015-03-12T00:06:10","date_gmt":"2015-03-12T06:06:10","guid":{"rendered":"http:\/\/www.diarioimagen.net\/?p=209752"},"modified":"2015-03-13T06:27:51","modified_gmt":"2015-03-13T12:27:51","slug":"baja-incidencia-delictiva-en-edomex-y-zona-centro-eav","status":"publish","type":"post","link":"https:\/\/www.diarioimagen.net\/?p=209752","title":{"rendered":"Baja incidencia delictiva en Edomex y zona centro: EAV"},"content":{"rendered":"<ul>\n<li><strong><em>Entre los delitos que han disminuido en la regi\u00f3n se encuentran extorsi\u00f3n, robo con violencia y homicidio doloso, entre otros<br \/>\n<\/em><\/strong><\/li>\n<\/ul>\n<h6>Redacci\u00f3n<\/h6>\n<p>&nbsp;<\/p>\n<div id=\"attachment_209815\" style=\"width: 250px\" class=\"wp-caption alignleft\"><a href=\"http:\/\/www.diarioimagen.net\/?attachment_id=209815\" rel=\"attachment wp-att-209815\"><img loading=\"lazy\" decoding=\"async\" aria-describedby=\"caption-attachment-209815\" class=\"size-medium wp-image-209815\" src=\"http:\/\/www.diarioimagen.net\/wp-content\/uploads\/2015\/03\/eruviel-2568-240x135.jpg\" alt=\"El gobernador Eruviel \u00c1vila Villegas inform\u00f3 que gracias a la estrategia de seguridad regionalizada y al trabajo coordinado con las fuerzas federales, en la entidad mexiquense ha disminuido la incidencia de delitos.\" width=\"240\" height=\"135\" srcset=\"https:\/\/www.diarioimagen.net\/wp-content\/uploads\/2015\/03\/eruviel-2568-240x135.jpg 240w, https:\/\/www.diarioimagen.net\/wp-content\/uploads\/2015\/03\/eruviel-2568-420x236.jpg 420w, https:\/\/www.diarioimagen.net\/wp-content\/uploads\/2015\/03\/eruviel-2568.jpg 480w, https:\/\/www.diarioimagen.net\/wp-content\/uploads\/2015\/03\/eruviel-2568-235x132.jpg 235w, https:\/\/www.diarioimagen.net\/wp-content\/uploads\/2015\/03\/eruviel-2568-202x114.jpg 202w, https:\/\/www.diarioimagen.net\/wp-content\/uploads\/2015\/03\/eruviel-2568-350x196.jpg 350w, https:\/\/www.diarioimagen.net\/wp-content\/uploads\/2015\/03\/eruviel-2568-220x123.jpg 220w, https:\/\/www.diarioimagen.net\/wp-content\/uploads\/2015\/03\/eruviel-2568-237x132.jpg 237w\" sizes=\"auto, (max-width: 240px) 100vw, 240px\" \/><\/a><p id=\"caption-attachment-209815\" class=\"wp-caption-text\">El gobernador Eruviel \u00c1vila Villegas inform\u00f3 que gracias a la estrategia de seguridad regionalizada y al trabajo coordinado con las fuerzas federales, en la entidad mexiquense ha disminuido la incidencia de delitos.<\/p><\/div>\n<p>Durante la Reuni\u00f3n de Seguridad de la Zona Centro del pa\u00eds, que encabez\u00f3 el secretario de Gobernaci\u00f3n, Miguel \u00c1ngel Osorio Chong, el gobernador Eruviel \u00c1vila Villegas inform\u00f3 que gracias a la estrategia de seguridad regionalizada y al trabajo coordinado con las fuerzas federales, en la entidad mexiquense ha disminuido la incidencia de delitos como extorsi\u00f3n, violaci\u00f3n, robo con violencia, homicidios dolosos, entre otros.<\/p>\n<p>\u201cDe ah\u00ed la importancia que de que estemos coordinados entre pares, entre gobernadores, jefe de gobierno, con la autoridad federal, y aqu\u00ed dejo testimonio muy claro, y hago mucho \u00e9nfasis en ello, de gratitud a las fuerzas federales, al gobierno federal, por todo el respaldo, por todo el apoyo, si bien los gobiernos estatales somos responsables de atender, de prevenir y de sancionar debidamente la comisi\u00f3n de delitos, el gobierno federal en todo momento ha ido en auxilio de los estados cuando as\u00ed lo hemos requerido\u201d, manifest\u00f3.<\/p>\n<p>Luego de la reuni\u00f3n en la que participaron los gobernadores de Puebla, Hidalgo, Guerrero, Estado de M\u00e9xico, Morelos, Tlaxcala y el jefe de gobierno del Distrito Federal, Eruviel \u00c1vila se\u00f1al\u00f3 que la decisi\u00f3n del presidente Enrique Pe\u00f1a Nieto de regionalizar la estrategia de seguridad, as\u00ed como la coordinaci\u00f3n que existe entre los gobiernos estatales y el federal, ha permitido que en la zona centro del pa\u00eds disminuya la incidencia delictiva en diferentes delitos que afectan a la poblaci\u00f3n.<\/p>\n<p>En el caso espec\u00edfico del Estado de M\u00e9xico, detall\u00f3 que en 2014 se logr\u00f3 la disminuci\u00f3n del 12 por ciento de denuncias y poco m\u00e1s de 20 por ciento en lo que refiere a delitos de alto impacto.<\/p>\n<p>Mientras que, de enero a marzo de 2015 y en comparaci\u00f3n con el a\u00f1o anterior, se ha disminuido en 18 por ciento el n\u00famero de denuncias, en 21 por ciento los delitos de alto impacto, 11 por ciento en homicidio doloso, la extorsi\u00f3n un 42 por ciento, la violaci\u00f3n 47 por ciento y robo con violencia en un 29 por ciento.<\/p>\n<p>Miguel \u00c1ngel Osorio sostuvo que trabajar de manera coordinada es el camino correcto para entregar resultados en materia de seguridad, e indic\u00f3 que entre los acuerdos a los que se llegaron est\u00e1 el concretar con los legisladores federales una reuni\u00f3n con los mandatarios estatales para revisar iniciativas relacionadas con el tema de seguridad, como lo es de la portaci\u00f3n de armas, propuesta enviada por el gobernador Eruviel \u00c1vila y que se encuentra en la C\u00e1mara de Diputados federal.<\/p>\n<p>Por su parte, los gobernadores de Hidalgo, Francisco Olvera Ruiz; de Puebla, Rafael Moreno Valle Rosas; de Morelos, Graco Luis Ram\u00edrez Garrido Abreu; de Tlaxcala, Mariano Gonz\u00e1lez Zarur; de Guerrero, Rogelio Ortega Ram\u00edrez y el jefe de gobierno del Distrito Federal, Miguel \u00c1ngel Mancera Espinosa, coincidieron en que a trav\u00e9s de la coordinaci\u00f3n con el gobierno federal, se fortalecen las acciones que tienen como finalidad garantizar la seguridad de los ciudadanos que habitan en el centro del pa\u00eds, consiguiendo hasta el momento avances importantes, sin embargo, dijeron, es necesario redoblar esfuerzos.<\/p>\n<p>Asimismo, destacaron algunos de los rubros que se abordaron en esta reuni\u00f3n, como el asistir al Senado de la Rep\u00fablica para tratar el tema del mando \u00fanico policial, el reconocimiento al gobierno federal por el programa de inhibidores en los penales, la profesionalizaci\u00f3n de los integrantes de los cuerpos de seguridad, entre otros.<\/p>\n<p>En la reuni\u00f3n previa que se llev\u00f3 a cabo en el Sal\u00f3n del Pueblo del Palacio de Gobierno, estuvieron presentes el secretario de la Defensa Nacional, Salvador Cienfuegos Zepeda; el secretario de Marina, Francisco Sober\u00f3n Sanz; el comisionado Nacional de Seguridad, Monte Alejandro Rubido Garc\u00eda; la procuradora general de la Rep\u00fablica, Arely G\u00f3mez Gonz\u00e1lez y el director del Centro de Investigaci\u00f3n y Seguridad Nacional, Eugenio \u00cdmaz, entre otros.<\/p>\n","protected":false},"excerpt":{"rendered":"<p>Durante la Reuni\u00f3n de Seguridad de la Zona Centro del pa\u00eds, que encabez\u00f3 el secretario de Gobernaci\u00f3n, Miguel \u00c1ngel Osorio Chong, el gobernador Eruviel \u00c1vila Villegas inform\u00f3 que gracias a la estrategia de seguridad regionalizada y al trabajo coordinado con las fuerzas federales, en la entidad mexiquense ha disminuido la incidencia de delitos como extorsi\u00f3n, violaci\u00f3n, robo con violencia, homicidios dolosos, entre otros.<\/p>\n","protected":false},"author":3,"featured_media":209815,"comment_status":"open","ping_status":"open","sticky":false,"template":"","format":"standard","meta":{"_monsterinsights_skip_tracking":false,"_monsterinsights_sitenote_active":false,"_monsterinsights_sitenote_note":"","_monsterinsights_sitenote_category":0,"footnotes":""},"categories":[5],"tags":[5828,43675,39330],"class_list":["post-209752","post","type-post","status-publish","format-standard","has-post-thumbnail","hentry","category-estado-de-mexico","tag-eruviel-avila-villegas","tag-estado-de-mexico","tag-incidencia"],"_links":{"self":[{"href":"https:\/\/www.diarioimagen.net\/index.php?rest_route=\/wp\/v2\/posts\/209752","targetHints":{"allow":["GET"]}}],"collection":[{"href":"https:\/\/www.diarioimagen.net\/index.php?rest_route=\/wp\/v2\/posts"}],"about":[{"href":"https:\/\/www.diarioimagen.net\/index.php?rest_route=\/wp\/v2\/types\/post"}],"author":[{"embeddable":true,"href":"https:\/\/www.diarioimagen.net\/index.php?rest_route=\/wp\/v2\/users\/3"}],"replies":[{"embeddable":true,"href":"https:\/\/www.diarioimagen.net\/index.php?rest_route=%2Fwp%2Fv2%2Fcomments&post=209752"}],"version-history":[{"count":0,"href":"https:\/\/www.diarioimagen.net\/index.php?rest_route=\/wp\/v2\/posts\/209752\/revisions"}],"wp:featuredmedia":[{"embeddable":true,"href":"https:\/\/www.diarioimagen.net\/index.php?rest_route=\/wp\/v2\/media\/209815"}],"wp:attachment":[{"href":"https:\/\/www.diarioimagen.net\/index.php?rest_route=%2Fwp%2Fv2%2Fmedia&parent=209752"}],"wp:term":[{"taxonomy":"category","embeddable":true,"href":"https:\/\/www.diarioimagen.net\/index.php?rest_route=%2Fwp%2Fv2%2Fcategories&post=209752"},{"taxonomy":"post_tag","embeddable":true,"href":"https:\/\/www.diarioimagen.net\/index.php?rest_route=%2Fwp%2Fv2%2Ftags&post=209752"}],"curies":[{"name":"wp","href":"https:\/\/api.w.org\/{rel}","templated":true}]}}