{"id":209754,"date":"2015-03-12T00:13:59","date_gmt":"2015-03-12T06:13:59","guid":{"rendered":"http:\/\/www.diarioimagen.net\/?p=209754"},"modified":"2015-03-12T04:02:43","modified_gmt":"2015-03-12T10:02:43","slug":"colaboracion-en-el-combate-a-delincuencia","status":"publish","type":"post","link":"https:\/\/www.diarioimagen.net\/?p=209754","title":{"rendered":"Colaboraci\u00f3n en el combate a delincuencia"},"content":{"rendered":"<h2>Arco Norte<\/h2>\n<h5>Jos\u00e9 Luis Monta\u00f1ez Aguilar<\/h5>\n<p>&nbsp;<\/p>\n<div id=\"attachment_209817\" style=\"width: 250px\" class=\"wp-caption alignleft\"><a href=\"http:\/\/www.diarioimagen.net\/?attachment_id=209817\" rel=\"attachment wp-att-209817\"><img loading=\"lazy\" decoding=\"async\" aria-describedby=\"caption-attachment-209817\" class=\"size-medium wp-image-209817\" src=\"http:\/\/www.diarioimagen.net\/wp-content\/uploads\/2015\/03\/arco-2568-240x135.jpg\" alt=\"En la Reuni\u00f3n de Seguridad de la Zona Centro del pa\u00eds, que encabez\u00f3 el secretario de Gobernaci\u00f3n, Miguel Osorio, el gobernador Eruviel \u00c1vila inform\u00f3 que gracias a la estrategia de seguridad regionalizada y al trabajo coordinado con las fuerzas federales, en el Estado de M\u00e9xico ha disminuido la incidencia de delitos como extorsi\u00f3n, violaci\u00f3n, robo con violencia, homicidios dolosos, entre otros.\" width=\"240\" height=\"135\" srcset=\"https:\/\/www.diarioimagen.net\/wp-content\/uploads\/2015\/03\/arco-2568-240x135.jpg 240w, https:\/\/www.diarioimagen.net\/wp-content\/uploads\/2015\/03\/arco-2568-420x236.jpg 420w, https:\/\/www.diarioimagen.net\/wp-content\/uploads\/2015\/03\/arco-2568.jpg 480w, https:\/\/www.diarioimagen.net\/wp-content\/uploads\/2015\/03\/arco-2568-235x132.jpg 235w, https:\/\/www.diarioimagen.net\/wp-content\/uploads\/2015\/03\/arco-2568-202x114.jpg 202w, https:\/\/www.diarioimagen.net\/wp-content\/uploads\/2015\/03\/arco-2568-350x196.jpg 350w, https:\/\/www.diarioimagen.net\/wp-content\/uploads\/2015\/03\/arco-2568-220x123.jpg 220w, https:\/\/www.diarioimagen.net\/wp-content\/uploads\/2015\/03\/arco-2568-237x132.jpg 237w\" sizes=\"auto, (max-width: 240px) 100vw, 240px\" \/><\/a><p id=\"caption-attachment-209817\" class=\"wp-caption-text\">En la Reuni\u00f3n de Seguridad de la Zona Centro del pa\u00eds, que encabez\u00f3 el secretario de Gobernaci\u00f3n, Miguel Osorio, el gobernador Eruviel \u00c1vila inform\u00f3 que gracias a la estrategia de seguridad regionalizada y al trabajo coordinado con las fuerzas federales, en el Estado de M\u00e9xico ha disminuido la incidencia de delitos como extorsi\u00f3n, violaci\u00f3n, robo con violencia, homicidios dolosos, entre otros.<\/p><\/div>\n<p>El gobernador Eruviel \u00c1vila Villegas se\u00f1al\u00f3 que gracias a la estrategia de seguridad regionalizada y al trabajo coordinado con las fuerzas federales, en la entidad mexiquense ha disminuido la incidencia de delitos como extorsi\u00f3n, violaci\u00f3n, robo con violencia, homicidios dolosos, entre otros. En la Reuni\u00f3n de Seguridad de la Zona Centro del pa\u00eds, que encabez\u00f3 el secretario de Gobernaci\u00f3n, Miguel \u00c1ngel Osorio Chong, y en la que participaron los gobernadores de Puebla, Hidalgo, Guerrero, Estado de M\u00e9xico, Morelos, Tlaxcala y el jefe de gobierno del Distrito Federal, Eruviel \u00c1vila se\u00f1al\u00f3 que la decisi\u00f3n del presidente Enrique Pe\u00f1a Nieto de regionalizar la estrategia de seguridad, as\u00ed como la coordinaci\u00f3n que existe entre los gobiernos estatales y el federal, ha permitido que en la zona centro del pa\u00eds disminuya la incidencia delictiva en diferentes delitos que afectan a la poblaci\u00f3n. En el caso del Estado de M\u00e9xico, detall\u00f3 que en 2014 se logr\u00f3 la disminuci\u00f3n del 12 por ciento de denuncias y poco m\u00e1s de 20 por ciento en lo que refiere a delitos de alto impacto.<\/p>\n<p>Mientras que, de enero a marzo de 2015 y en comparaci\u00f3n con el a\u00f1o anterior, se ha disminuido en 18 por ciento el n\u00famero de denuncias, en 21 por ciento los delitos de alto impacto, 11 por ciento en homicidio doloso, la extorsi\u00f3n un 42 por ciento, la violaci\u00f3n 47 por ciento y robo con violencia en un 29 por ciento.<\/p>\n<p>Miguel \u00c1ngel Osorio sostuvo que trabajar de manera coordinada es el camino correcto para entregar resultados en materia de seguridad, e indic\u00f3 que entre los acuerdos a los que se llegaron est\u00e1 el concretar con los legisladores federales.<\/p>\n<p><em><a href=\"mailto:montanezaguilar@gmail.com\" target=\"_blank\">montanezaguilar@gmail.com<\/a><\/em><\/p>\n","protected":false},"excerpt":{"rendered":"<p><span style=\"color: #005497;\"><strong>Jos\u00e9 Luis Monta\u00f1ez Aguilar<\/strong><\/span><br \/>\n<br \/>\nEl gobernador Eruviel \u00c1vila Villegas se\u00f1al\u00f3 que gracias a la estrategia de seguridad regionalizada y al trabajo coordinado con las fuerzas federales, en la entidad mexiquense ha disminuido la incidencia de delitos como extorsi\u00f3n, violaci\u00f3n, robo con violencia, homicidios dolosos, entre otros.<\/p>\n","protected":false},"author":3,"featured_media":209817,"comment_status":"open","ping_status":"open","sticky":false,"template":"","format":"standard","meta":{"_monsterinsights_skip_tracking":false,"_monsterinsights_sitenote_active":false,"_monsterinsights_sitenote_note":"","_monsterinsights_sitenote_category":0,"footnotes":""},"categories":[5],"tags":[13284,43704,43674],"class_list":["post-209754","post","type-post","status-publish","format-standard","has-post-thumbnail","hentry","category-estado-de-mexico","tag-arco-norte","tag-jose-luis-montanez-aguilar","tag-opinion"],"_links":{"self":[{"href":"https:\/\/www.diarioimagen.net\/index.php?rest_route=\/wp\/v2\/posts\/209754","targetHints":{"allow":["GET"]}}],"collection":[{"href":"https:\/\/www.diarioimagen.net\/index.php?rest_route=\/wp\/v2\/posts"}],"about":[{"href":"https:\/\/www.diarioimagen.net\/index.php?rest_route=\/wp\/v2\/types\/post"}],"author":[{"embeddable":true,"href":"https:\/\/www.diarioimagen.net\/index.php?rest_route=\/wp\/v2\/users\/3"}],"replies":[{"embeddable":true,"href":"https:\/\/www.diarioimagen.net\/index.php?rest_route=%2Fwp%2Fv2%2Fcomments&post=209754"}],"version-history":[{"count":0,"href":"https:\/\/www.diarioimagen.net\/index.php?rest_route=\/wp\/v2\/posts\/209754\/revisions"}],"wp:featuredmedia":[{"embeddable":true,"href":"https:\/\/www.diarioimagen.net\/index.php?rest_route=\/wp\/v2\/media\/209817"}],"wp:attachment":[{"href":"https:\/\/www.diarioimagen.net\/index.php?rest_route=%2Fwp%2Fv2%2Fmedia&parent=209754"}],"wp:term":[{"taxonomy":"category","embeddable":true,"href":"https:\/\/www.diarioimagen.net\/index.php?rest_route=%2Fwp%2Fv2%2Fcategories&post=209754"},{"taxonomy":"post_tag","embeddable":true,"href":"https:\/\/www.diarioimagen.net\/index.php?rest_route=%2Fwp%2Fv2%2Ftags&post=209754"}],"curies":[{"name":"wp","href":"https:\/\/api.w.org\/{rel}","templated":true}]}}