{"id":209871,"date":"2015-03-12T21:10:46","date_gmt":"2015-03-13T03:10:46","guid":{"rendered":"http:\/\/www.diarioimagen.net\/?p=209871"},"modified":"2015-03-13T06:28:14","modified_gmt":"2015-03-13T12:28:14","slug":"regresa-system-of-a-down-a-mexico","status":"publish","type":"post","link":"https:\/\/www.diarioimagen.net\/?p=209871","title":{"rendered":"Regresa System of a Down a M\u00e9xico"},"content":{"rendered":"<ul>\n<li><strong><em>La banda se presentar\u00e1 el 6 de octubre en el Parlacio de los Deportes<\/em><\/strong><\/li>\n<\/ul>\n<div id=\"attachment_209872\" style=\"width: 250px\" class=\"wp-caption alignleft\"><img loading=\"lazy\" decoding=\"async\" aria-describedby=\"caption-attachment-209872\" class=\"size-medium wp-image-209872\" src=\"http:\/\/www.diarioimagen.net\/wp-content\/uploads\/2015\/03\/system-portal-240x135.jpg\" alt=\"Los boletos para este concierto estar\u00e1n disponibles en Preventa Banamex los d\u00edas 19 y 20 de marzo y en venta general a partir del 21 de marzo. \" width=\"240\" height=\"135\" srcset=\"https:\/\/www.diarioimagen.net\/wp-content\/uploads\/2015\/03\/system-portal-240x135.jpg 240w, https:\/\/www.diarioimagen.net\/wp-content\/uploads\/2015\/03\/system-portal-420x236.jpg 420w, https:\/\/www.diarioimagen.net\/wp-content\/uploads\/2015\/03\/system-portal.jpg 480w, https:\/\/www.diarioimagen.net\/wp-content\/uploads\/2015\/03\/system-portal-235x132.jpg 235w, https:\/\/www.diarioimagen.net\/wp-content\/uploads\/2015\/03\/system-portal-202x114.jpg 202w, https:\/\/www.diarioimagen.net\/wp-content\/uploads\/2015\/03\/system-portal-350x196.jpg 350w, https:\/\/www.diarioimagen.net\/wp-content\/uploads\/2015\/03\/system-portal-220x123.jpg 220w, https:\/\/www.diarioimagen.net\/wp-content\/uploads\/2015\/03\/system-portal-237x132.jpg 237w\" sizes=\"auto, (max-width: 240px) 100vw, 240px\" \/><p id=\"caption-attachment-209872\" class=\"wp-caption-text\">Los boletos para este concierto estar\u00e1n disponibles en Preventa Banamex los d\u00edas 19 y 20 de marzo y en venta general a partir del 21 de marzo.<\/p><\/div>\n<p>La aclamada banda ganadora del Grammy System Of a Down regresar\u00e1 a la Ciudad de M\u00e9xico como parte de su gira mundial\u00a0 <em>Wake Up The Souls<\/em>. El Palacio de los Deportes ser\u00e1 de nueva cuenta el escenario que recibir\u00e1 a los originarios de\u00a0 Los Angeles, California el pr\u00f3ximo 6 de octubre de 2015.<\/p>\n<p>Tras cuatro a\u00f1os de intensa expectativa el regreso de System of a Down a M\u00e9xico se ha convertido en uno de los conciertos m\u00e1s esperados por los amantes del metal alternativo, una vez que\u00a0 demostraron \u00a0su poder\u00edo ante 20 mil fans en su concierto de 2011 en la Ciudad de M\u00e9xico.<\/p>\n<p>Los boletos para este concierto estar\u00e1n disponibles en Preventa Banamex los d\u00edas 19 y 20 de marzo y en venta general a partir del 21 de marzo a trav\u00e9s del Sistema Ticketmaster en www.ticketmaster.com.mx y por tel\u00e9fono al 53-25-9000 as\u00ed como en las taquillas del Palacio de los Deportes.<\/p>\n<p>Conformado por\u00a0 John Dolmayan (bater\u00eda), Daron Malakian (guitarra y voz) Shavo Odadjian (bajo) y Serj Tankian (voz) System of a Down ha vendido m\u00e1s de 30 millones de discos y se ha destacado por ser una de las bandas m\u00e1s activas pol\u00edticamente en el panorama social de los \u00faltimos 20 a\u00f1os.<\/p>\n<p>Comprometidos con su\u00a0 herencia cultural, System of a Down comenzar\u00e1 \u00a0su gira mundial <em>Wake Up The Souls<\/em> en abril, mes en el que se conmemora el Centenario del Genocidio Armenio. Este tour mundial los llevar\u00e1 a presentarse por primera vez en Armenia adem\u00e1s de visitar Alemania, Reino Unido, Francia, B\u00e9lgica, Holanda, Canad\u00e1, Brasil, y desde luego M\u00e9xico.<\/p>\n<p>System of a Down es una de las tres bandas en alcanzar este status con dos \u00e1lbumes #1 en el mismo a\u00f1o. \u00a0\u201cB.Y.O.B.\u201d (Bring Your Own Bombs) fue el primer sencillo de \u201c<em>Mezmerize<\/em>\u201d con el que consiguieron el premio Grammy\u00a0 en la categor\u00eda \u201c<em>Best Hard Rock Performance<\/em>\u201d.<\/p>\n","protected":false},"excerpt":{"rendered":"<p>La aclamada banda ganadora del Grammy System Of a Down regresar\u00e1 a la Ciudad de M\u00e9xico como parte de su gira mundial  Wake Up The Souls. El Palacio de los Deportes ser\u00e1 de nueva cuenta el escenario que recibir\u00e1 a los originarios de  Los Angeles, California el pr\u00f3ximo 6 de octubre de 2015.<\/p>\n","protected":false},"author":5,"featured_media":209872,"comment_status":"open","ping_status":"open","sticky":false,"template":"","format":"standard","meta":{"_monsterinsights_skip_tracking":false,"_monsterinsights_sitenote_active":false,"_monsterinsights_sitenote_note":"","_monsterinsights_sitenote_category":0,"footnotes":""},"categories":[17,12],"tags":[1530],"class_list":["post-209871","post","type-post","status-publish","format-standard","has-post-thumbnail","hentry","category-especiales","category-espectaculos","tag-grammy"],"_links":{"self":[{"href":"https:\/\/www.diarioimagen.net\/index.php?rest_route=\/wp\/v2\/posts\/209871","targetHints":{"allow":["GET"]}}],"collection":[{"href":"https:\/\/www.diarioimagen.net\/index.php?rest_route=\/wp\/v2\/posts"}],"about":[{"href":"https:\/\/www.diarioimagen.net\/index.php?rest_route=\/wp\/v2\/types\/post"}],"author":[{"embeddable":true,"href":"https:\/\/www.diarioimagen.net\/index.php?rest_route=\/wp\/v2\/users\/5"}],"replies":[{"embeddable":true,"href":"https:\/\/www.diarioimagen.net\/index.php?rest_route=%2Fwp%2Fv2%2Fcomments&post=209871"}],"version-history":[{"count":0,"href":"https:\/\/www.diarioimagen.net\/index.php?rest_route=\/wp\/v2\/posts\/209871\/revisions"}],"wp:featuredmedia":[{"embeddable":true,"href":"https:\/\/www.diarioimagen.net\/index.php?rest_route=\/wp\/v2\/media\/209872"}],"wp:attachment":[{"href":"https:\/\/www.diarioimagen.net\/index.php?rest_route=%2Fwp%2Fv2%2Fmedia&parent=209871"}],"wp:term":[{"taxonomy":"category","embeddable":true,"href":"https:\/\/www.diarioimagen.net\/index.php?rest_route=%2Fwp%2Fv2%2Fcategories&post=209871"},{"taxonomy":"post_tag","embeddable":true,"href":"https:\/\/www.diarioimagen.net\/index.php?rest_route=%2Fwp%2Fv2%2Ftags&post=209871"}],"curies":[{"name":"wp","href":"https:\/\/api.w.org\/{rel}","templated":true}]}}