{"id":209877,"date":"2015-03-12T21:14:54","date_gmt":"2015-03-13T03:14:54","guid":{"rendered":"http:\/\/www.diarioimagen.net\/?p=209877"},"modified":"2015-03-13T06:28:19","modified_gmt":"2015-03-13T12:28:19","slug":"humberto-dupeyron-celebra-valora-y-conquista-a-la-vida","status":"publish","type":"post","link":"https:\/\/www.diarioimagen.net\/?p=209877","title":{"rendered":"Humberto Dupeyr\u00f3n celebra, valora y conquista a la vida"},"content":{"rendered":"<ul>\n<li><em>\u00a0El actor plasm\u00f3 sus huellas en Galerias Plaza de las Estrellas, acompa\u00f1ado de su hermana Elizabeth Dupeyron<\/em><\/li>\n<\/ul>\n<h5><strong>Texto: Arturo Arellano<\/strong><\/h5>\n<div id=\"attachment_209878\" style=\"width: 250px\" class=\"wp-caption alignleft\"><img loading=\"lazy\" decoding=\"async\" aria-describedby=\"caption-attachment-209878\" class=\"size-medium wp-image-209878\" src=\"http:\/\/www.diarioimagen.net\/wp-content\/uploads\/2015\/03\/galerias-PORTAL-240x135.jpg\" alt=\"Humberto y Elizabeth Dupeyr\u00f3n plasmaron sus huellas en Galer\u00edas Plaza de las Estrellas. foto: Arturo Arellano\" width=\"240\" height=\"135\" srcset=\"https:\/\/www.diarioimagen.net\/wp-content\/uploads\/2015\/03\/galerias-PORTAL-240x135.jpg 240w, https:\/\/www.diarioimagen.net\/wp-content\/uploads\/2015\/03\/galerias-PORTAL-420x236.jpg 420w, https:\/\/www.diarioimagen.net\/wp-content\/uploads\/2015\/03\/galerias-PORTAL.jpg 480w, https:\/\/www.diarioimagen.net\/wp-content\/uploads\/2015\/03\/galerias-PORTAL-235x132.jpg 235w, https:\/\/www.diarioimagen.net\/wp-content\/uploads\/2015\/03\/galerias-PORTAL-202x114.jpg 202w, https:\/\/www.diarioimagen.net\/wp-content\/uploads\/2015\/03\/galerias-PORTAL-350x196.jpg 350w, https:\/\/www.diarioimagen.net\/wp-content\/uploads\/2015\/03\/galerias-PORTAL-220x123.jpg 220w, https:\/\/www.diarioimagen.net\/wp-content\/uploads\/2015\/03\/galerias-PORTAL-237x132.jpg 237w\" sizes=\"auto, (max-width: 240px) 100vw, 240px\" \/><p id=\"caption-attachment-209878\" class=\"wp-caption-text\">Humberto y Elizabeth Dupeyr\u00f3n plasmaron sus huellas en Galer\u00edas Plaza de las Estrellas. foto: Arturo Arellano<\/p><\/div>\n<p>Si existe una persona dentro del espect\u00e1culo que ha demostrado amor a la vida y a su profesi\u00f3n, lo es sin duda el actor y productor Humberto Dupeyr\u00f3n, quien a pesar de padecer la terrible enfermedad de la esclerosis m\u00faltiple, se mantiene vigente, de pie y lo que es m\u00e1s admirable, trabajando, es por esto que se gan\u00f3 el derecho a plasmar sus huellas, las cuales pr\u00f3ximamente formar\u00e1n parte de los pasillos de Galer\u00edaas Plaza de las Estrellas.<\/p>\n<p>La ceremonia para plasmar sus manos se llev\u00f3 a cabo en el marco del evento tradicional de cada semana en este espacio, donde el anfitri\u00f3n Edoardo Narv\u00e1ez, lo recibi\u00f3 con su p\u00fablico ofreci\u00e9ndole un aplauso de pie, a lo que el actor respondi\u00f3 emocionado, agradeciendo de la mano de su hermana Elizabeth, quien hizo lo suyo tambi\u00e9n.<\/p>\n<p>As\u00ed se dio paso al plasmado se sus manos, al igual que su hermana, que evidentemente emocionada y con l\u00e1grimas en los ojos se\u00f1al\u00f3, \u201cdedico este reconocimiento al trabajo y al esfuerzo, a mi hijo, espero que Dios lo tenga con \u00e9l, les pido que unan sus corazones y pidan a Dios por \u00e9l, es muy reciente mi p\u00e9rdida, pero as\u00ed es la vida de los actores, tenemos que sonre\u00edr a la vida, no importa las dificultades, los problemas, hay que sonre\u00edr, todos deber\u00edamos hacerlo\u201d.<\/p>\n<p>Posteriormente, en entrevista, el primer actor Humberto Dupeyron dijo, \u201ccreo que si me lo dieron es porque me lo merezco, porque en el teatro sigo caminando, me quito la silla de ruedas y hago un esfuerzo por mantenerme de pie, tengo 12 a\u00f1os con esta enfermedad, pero creo que la fuerza, las ganas de vivir y de seguir adelante en los escenarios la saco del aplauso de la gente, del cari\u00f1o y del amor que me profesan cada vez que estoy en el escenario\u00bb.<\/p>\n<p>Invit\u00f3 a la gente a divertirse y adelant\u00f3 su participaci\u00f3n en algunos proyectos, \u201cDebemos ser alegres, de algo vamos a morir, pero aunque todo est\u00e9 en contra hay que luchar y continuar para dar un buen ejemplo. Actualmente soy protagonista y productor del mon\u00f3logo \u2018El Gorila\u2019, y creo que como ah\u00ed lo digo que hay que ayudarnos unos a otros, la vida es dif\u00edcil, pero no hay nada m\u00e1s complicado que no ser productivo, tenemos que sacudirnos la discapacidad mental. Reconozco que la situaci\u00f3n no es f\u00e1cil, pero sigo teniendo p\u00fablico y eso me indica que debo seguir adelante, incluso tengo otro proyecto teatral que se llama &#8216;El don de la alegr\u00eda, llorar a carcajadas&#8217;, que en breve montar\u00e9\u201d, concluy\u00f3.<\/p>\n<p><strong>EN EL TEATRO ME QUITO LA SILLA DE RUEDAS<\/strong><\/p>\n<p><strong>\u201cEn el teatro sigo caminando, me quito la silla de ruedas y hago un esfuerzo por mantenerme de pie, tengo 12 a\u00f1os con esta enfermedad (esclerosis m\u00faltiple), pero creo que la fuerza, las ganas de vivir y de seguir adelante en los escenarios la saco del aplauso de la gente\u201d.<\/strong><\/p>\n","protected":false},"excerpt":{"rendered":"<p>Si existe una persona dentro del espect\u00e1culo que ha demostrado amor a la vida y a su profesi\u00f3n, lo es sin duda el actor y productor Humberto Dupeyr\u00f3n, quien a pesar de padecer la terrible enfermedad de la esclerosis m\u00faltiple, se mantiene vigente, de pie y lo que es m\u00e1s admirable, trabajando, es por esto que se gan\u00f3 el derecho a plasmar sus huellas, las cuales pr\u00f3ximamente formar\u00e1n parte de los pasillos de Galer\u00edaas Plaza de las Estrellas.<\/p>\n","protected":false},"author":5,"featured_media":209878,"comment_status":"open","ping_status":"open","sticky":false,"template":"","format":"standard","meta":{"_monsterinsights_skip_tracking":false,"_monsterinsights_sitenote_active":false,"_monsterinsights_sitenote_note":"","_monsterinsights_sitenote_category":0,"footnotes":""},"categories":[17,12],"tags":[],"class_list":["post-209877","post","type-post","status-publish","format-standard","has-post-thumbnail","hentry","category-especiales","category-espectaculos"],"_links":{"self":[{"href":"https:\/\/www.diarioimagen.net\/index.php?rest_route=\/wp\/v2\/posts\/209877","targetHints":{"allow":["GET"]}}],"collection":[{"href":"https:\/\/www.diarioimagen.net\/index.php?rest_route=\/wp\/v2\/posts"}],"about":[{"href":"https:\/\/www.diarioimagen.net\/index.php?rest_route=\/wp\/v2\/types\/post"}],"author":[{"embeddable":true,"href":"https:\/\/www.diarioimagen.net\/index.php?rest_route=\/wp\/v2\/users\/5"}],"replies":[{"embeddable":true,"href":"https:\/\/www.diarioimagen.net\/index.php?rest_route=%2Fwp%2Fv2%2Fcomments&post=209877"}],"version-history":[{"count":0,"href":"https:\/\/www.diarioimagen.net\/index.php?rest_route=\/wp\/v2\/posts\/209877\/revisions"}],"wp:featuredmedia":[{"embeddable":true,"href":"https:\/\/www.diarioimagen.net\/index.php?rest_route=\/wp\/v2\/media\/209878"}],"wp:attachment":[{"href":"https:\/\/www.diarioimagen.net\/index.php?rest_route=%2Fwp%2Fv2%2Fmedia&parent=209877"}],"wp:term":[{"taxonomy":"category","embeddable":true,"href":"https:\/\/www.diarioimagen.net\/index.php?rest_route=%2Fwp%2Fv2%2Fcategories&post=209877"},{"taxonomy":"post_tag","embeddable":true,"href":"https:\/\/www.diarioimagen.net\/index.php?rest_route=%2Fwp%2Fv2%2Ftags&post=209877"}],"curies":[{"name":"wp","href":"https:\/\/api.w.org\/{rel}","templated":true}]}}