{"id":209880,"date":"2015-03-12T21:16:50","date_gmt":"2015-03-13T03:16:50","guid":{"rendered":"http:\/\/www.diarioimagen.net\/?p=209880"},"modified":"2015-03-13T06:28:24","modified_gmt":"2015-03-13T12:28:24","slug":"sandoval-se-lanza-como-solista-con-por-siempre-te-amare","status":"publish","type":"post","link":"https:\/\/www.diarioimagen.net\/?p=209880","title":{"rendered":"Sandoval se lanza como solista con \u201cPor siempre te amar\u00e9\u201d"},"content":{"rendered":"<ul>\n<li><strong><em>Tras varios intentos con agrupaci\u00f3n, el cantautor decide probar suerte en solitario <\/em><\/strong><\/li>\n<\/ul>\n<h5><strong>Texto: Arturo Arellano<\/strong><\/h5>\n<div id=\"attachment_209881\" style=\"width: 250px\" class=\"wp-caption alignleft\"><img loading=\"lazy\" decoding=\"async\" aria-describedby=\"caption-attachment-209881\" class=\"size-medium wp-image-209881\" src=\"http:\/\/www.diarioimagen.net\/wp-content\/uploads\/2015\/03\/sandoval-PORTAL-240x135.jpg\" alt=\"En entrevista con DIARIO IMAGEN, el cantautor se dijo emocionado de emprender su carrera como solista. foto: Arturo Arellano\" width=\"240\" height=\"135\" srcset=\"https:\/\/www.diarioimagen.net\/wp-content\/uploads\/2015\/03\/sandoval-PORTAL-240x135.jpg 240w, https:\/\/www.diarioimagen.net\/wp-content\/uploads\/2015\/03\/sandoval-PORTAL-420x236.jpg 420w, https:\/\/www.diarioimagen.net\/wp-content\/uploads\/2015\/03\/sandoval-PORTAL.jpg 480w, https:\/\/www.diarioimagen.net\/wp-content\/uploads\/2015\/03\/sandoval-PORTAL-235x132.jpg 235w, https:\/\/www.diarioimagen.net\/wp-content\/uploads\/2015\/03\/sandoval-PORTAL-202x114.jpg 202w, https:\/\/www.diarioimagen.net\/wp-content\/uploads\/2015\/03\/sandoval-PORTAL-350x196.jpg 350w, https:\/\/www.diarioimagen.net\/wp-content\/uploads\/2015\/03\/sandoval-PORTAL-220x123.jpg 220w, https:\/\/www.diarioimagen.net\/wp-content\/uploads\/2015\/03\/sandoval-PORTAL-237x132.jpg 237w\" sizes=\"auto, (max-width: 240px) 100vw, 240px\" \/><p id=\"caption-attachment-209881\" class=\"wp-caption-text\">En entrevista con DIARIO IMAGEN, el cantautor se dijo emocionado de emprender su carrera como solista. foto: Arturo Arellano<\/p><\/div>\n<p>Ahora con diez a\u00f1os de trayectoria dentro de la industria musical, y con varios intentos de \u00e9xito con agrupaciones diferentes, Sandoval ha decidido dar rienda suelta a su carrera como solista, esto para empezar con el sencillo \u201cPor siempre te amar\u00e9\u201d, el cual marca esta nueva etapa para el cantante, en la que se define como baladista.<\/p>\n<p>En entrevista con <strong>DIARIO IMAGEN<\/strong>, el cantautor se dijo emocionado de esta oportunidad de parte de su disquera, pero tambi\u00e9n comprometido en trabajar para gusto de sus fan\u00e1ticos, \u201cMi \u00e1rbol geneal\u00f3gico empez\u00f3 con L\u00fa, donde estaba con Paty Cant\u00fa, posteriormente lo intentamos como Sandoval con Susy Ortiz, Alex y Quique, pero despu\u00e9s se va Susy, entra Vero y se van Quique y Alex, entonces fue cuando ped\u00ed que ya me dieran chance\u201d, indic\u00f3.<\/p>\n<p>No obstante con este nuevo sencillo Sandoval tiene su nueva oportunidad \u201cConozco a mi p\u00fablico y a mis canciones, me dejan producir el sonido original, la canci\u00f3n la escrib\u00ed hace un a\u00f1o para una ni\u00f1a de Villa Hermosa de la que me enamor\u00e9, finalmente no me hizo caso pero qued\u00f3 la canci\u00f3n. Recuerdo que cuando la escuch\u00f3 el director de la compa\u00f1\u00eda, me mand\u00f3 un correo \u2018Ahora si le diste en todo\u2019 y me sorprend\u00ed porque ese se\u00f1or no es de muchas palabras, lo mejor fue que me dejaron producir, despu\u00e9s de 10 a\u00f1os porque me dec\u00edan que un artista no puede producirse, pero yo s\u00ed creo en que se puede ser productor musical, soy ingeniero y m\u00fasico de toda la vida, s\u00e9 como hacerlo\u201d.<\/p>\n<p>Cabe destacar que el tema cont\u00f3 con los m\u00fasicos de Steve Wonder, Taylor Suift, Michael Jackson, \u201cTodos llegaron y fue de meterlos a todos en la cabina y ya saben c\u00f3mo va, tres tomas de la canci\u00f3n y con eso, fue en live. Son m\u00fasicos incre\u00edbles, escuchan el tema, y les dije que ellos eran los buenos, yo tengo idea de hacer cosas, pero ustedes pueden hacer lo que quieran y qued\u00f3 incre\u00edble, yo qued\u00e9 encantado\u201d<\/p>\n<p>El videoclip es una compilaci\u00f3n de videos enviados por sus mejores amigos del medio art\u00edstico, catando su tema, entre los que se percibe a Eugenio Derbez, Belinda, Alex Ubago, Maite Perroni, Jaqueline Bracamontes, y muchos m\u00e1s de lo cual dijo \u201csiempre he sido muy amiguero y es algo que agradezco a la vida, tengo amigos desde modelos, artistas, conductores, deportistas, pol\u00edticos, empresarios, tengo amigos en todos lados. El video ya estaba listo y planeado para hacerse con Marcovich en Nayarit, pero ahora est\u00e1 muy de moda que los artistas sacan su video pero tambi\u00e9n el video liryc, para que la gente pueda ir cantando, se me ocurri\u00f3 entonces invitar a todo mundo a que se grabe con su celular 10 segundos, lo pegamos todo y listo, me dijeron \u2018Ese es tu gran video\u2019, y creo que as\u00ed fue\u201d.<\/p>\n<p>El disco saldr\u00e1 con el segundo sencillo, tentativamente en el mes de julio o agosto, para lo cual tambi\u00e9n se planea una presentaci\u00f3n especial en el Lunario del Auditorio Nacional.<\/p>\n","protected":false},"excerpt":{"rendered":"<p>Ahora con diez a\u00f1os de trayectoria dentro de la industria musical, y con varios intentos de \u00e9xito con agrupaciones diferentes, Sandoval ha decidido dar rienda suelta a su carrera como solista, esto para empezar con el sencillo \u201cPor siempre te amar\u00e9\u201d, el cual marca esta nueva etapa para el cantante, en la que se define como baladista.<\/p>\n","protected":false},"author":5,"featured_media":209881,"comment_status":"open","ping_status":"open","sticky":false,"template":"","format":"standard","meta":{"_monsterinsights_skip_tracking":false,"_monsterinsights_sitenote_active":false,"_monsterinsights_sitenote_note":"","_monsterinsights_sitenote_category":0,"footnotes":""},"categories":[17,12],"tags":[10530],"class_list":["post-209880","post","type-post","status-publish","format-standard","has-post-thumbnail","hentry","category-especiales","category-espectaculos","tag-sandoval"],"_links":{"self":[{"href":"https:\/\/www.diarioimagen.net\/index.php?rest_route=\/wp\/v2\/posts\/209880","targetHints":{"allow":["GET"]}}],"collection":[{"href":"https:\/\/www.diarioimagen.net\/index.php?rest_route=\/wp\/v2\/posts"}],"about":[{"href":"https:\/\/www.diarioimagen.net\/index.php?rest_route=\/wp\/v2\/types\/post"}],"author":[{"embeddable":true,"href":"https:\/\/www.diarioimagen.net\/index.php?rest_route=\/wp\/v2\/users\/5"}],"replies":[{"embeddable":true,"href":"https:\/\/www.diarioimagen.net\/index.php?rest_route=%2Fwp%2Fv2%2Fcomments&post=209880"}],"version-history":[{"count":0,"href":"https:\/\/www.diarioimagen.net\/index.php?rest_route=\/wp\/v2\/posts\/209880\/revisions"}],"wp:featuredmedia":[{"embeddable":true,"href":"https:\/\/www.diarioimagen.net\/index.php?rest_route=\/wp\/v2\/media\/209881"}],"wp:attachment":[{"href":"https:\/\/www.diarioimagen.net\/index.php?rest_route=%2Fwp%2Fv2%2Fmedia&parent=209880"}],"wp:term":[{"taxonomy":"category","embeddable":true,"href":"https:\/\/www.diarioimagen.net\/index.php?rest_route=%2Fwp%2Fv2%2Fcategories&post=209880"},{"taxonomy":"post_tag","embeddable":true,"href":"https:\/\/www.diarioimagen.net\/index.php?rest_route=%2Fwp%2Fv2%2Ftags&post=209880"}],"curies":[{"name":"wp","href":"https:\/\/api.w.org\/{rel}","templated":true}]}}