{"id":209893,"date":"2015-03-13T00:06:05","date_gmt":"2015-03-13T06:06:05","guid":{"rendered":"http:\/\/www.diarioimagen.net\/?p=209893"},"modified":"2015-03-17T05:12:06","modified_gmt":"2015-03-17T11:12:06","slug":"eruviel-avila-reformas-ya-benefician-a-familias","status":"publish","type":"post","link":"https:\/\/www.diarioimagen.net\/?p=209893","title":{"rendered":"Eruviel \u00c1vila: reformas ya benefician a familias"},"content":{"rendered":"<ul>\n<li><strong><em>Destaca el mandatario estatal que ya no se cobra la larga distancia en las llamadas nacionales y no hay \u201cgasolinazos\u201d cada mes<\/em><\/strong><\/li>\n<\/ul>\n<h6>Redacci\u00f3n<\/h6>\n<p>&nbsp;<\/p>\n<div id=\"attachment_209943\" style=\"width: 250px\" class=\"wp-caption alignleft\"><a href=\"http:\/\/www.diarioimagen.net\/?attachment_id=209943\" rel=\"attachment wp-att-209943\"><img loading=\"lazy\" decoding=\"async\" aria-describedby=\"caption-attachment-209943\" class=\"size-medium wp-image-209943\" src=\"http:\/\/www.diarioimagen.net\/wp-content\/uploads\/2015\/03\/eruviel-2569-240x185.jpg\" alt=\"El gobernador Eruviel \u00c1vila Villegas reiter\u00f3 la disposici\u00f3n del Gobierno del Estado de M\u00e9xico de seguir trabajando para que las reformas estructurales impulsadas por el presidente Enrique Pe\u00f1a Nieto cobren vigencia y beneficien a la gente. Esto lo dijo en el marco del programa Acciones por la Educaci\u00f3n, donde entreg\u00f3 apoyos como tarjetas La Efectiva que desde el inicio de la actual administraci\u00f3n se otorgan a integrantes de las escoltas escolares.\" width=\"240\" height=\"185\" srcset=\"https:\/\/www.diarioimagen.net\/wp-content\/uploads\/2015\/03\/eruviel-2569-240x185.jpg 240w, https:\/\/www.diarioimagen.net\/wp-content\/uploads\/2015\/03\/eruviel-2569-420x323.jpg 420w, https:\/\/www.diarioimagen.net\/wp-content\/uploads\/2015\/03\/eruviel-2569.jpg 960w\" sizes=\"auto, (max-width: 240px) 100vw, 240px\" \/><\/a><p id=\"caption-attachment-209943\" class=\"wp-caption-text\">El gobernador Eruviel \u00c1vila Villegas reiter\u00f3 la disposici\u00f3n del Gobierno del Estado de M\u00e9xico de seguir trabajando para que las reformas estructurales impulsadas por el presidente Enrique Pe\u00f1a Nieto cobren vigencia y beneficien a la gente. Esto lo dijo en el marco del programa Acciones por la Educaci\u00f3n, donde entreg\u00f3 apoyos como tarjetas La Efectiva que desde el inicio de la actual administraci\u00f3n se otorgan a integrantes de las escoltas escolares.<\/p><\/div>\n<p>El gobernador Eruviel \u00c1vila Villegas reiter\u00f3 la disposici\u00f3n del gobierno del Estado de M\u00e9xico de seguir trabajando para que las reformas estructurales impulsadas por el presidente Enrique Pe\u00f1a Nieto,\u00a0cobren vigencia y beneficien a la gente, por lo que invit\u00f3\u00a0 al resto de las administraciones estatales para que juntos, instancias gubernamentales y sociedad, logren este objetivo.<\/p>\n<p>\u201cReitero la disposici\u00f3n del gobierno del estado e invit\u00f3 a todos los gobiernos de las entidades federativas para que pongamos nuestra parte, para que todas las instancias p\u00fablicas, las instancias de gobierno, tambi\u00e9n la sociedad, todos hagamos lo que nos corresponde para que estas reformas estructurales cobren vigencia y beneficien a la gente, como es el objetivo del presidente Pe\u00f1a Nieto\u201d.<\/p>\n<p>Eruviel \u00c1vila reconoci\u00f3 la labor del gobierno federal de llevar a cabo sesiones informativas a trav\u00e9s de los secretarios del gabinete federal, para dar a conocer los alcances y beneficios de estas reformas estructurales y transformadoras en diferentes sectores como telecomunicaciones, energ\u00eda, educaci\u00f3n, hacienda, entre otros.<\/p>\n<p>En este sentido, indic\u00f3 que algunas reformas ya est\u00e1n dando beneficios palpables a la poblaci\u00f3n, como la eliminaci\u00f3n del cobro de larga\u00a0 distancia, \u00a0as\u00ed como el hecho de que cada mes ya no suba el precio de la gasolina, lo\u00a0 cual\u00a0 impacta en la econom\u00eda de los mexicanos.<\/p>\n<p>Esto en el marco del programa Acciones por la Educaci\u00f3n, donde reconoci\u00f3 el esfuerzo de los estudiantes mexiquenses, as\u00ed como el impulso que les dan sus padres y el trabajo que realizan sus maestros, y asever\u00f3 que su administraci\u00f3n seguir\u00e1 apoyando los centros escolares con infraestructura y equipamiento, adem\u00e1s de entregar becas a alumnos con discapacidad y otorgar La Efectiva a los escolares de preescolar, primaria y secundaria.<\/p>\n<p>\u201cYo voy a seguir trabajando con mucho entusiasmo, apoyando a mis j\u00f3venes, a mis ni\u00f1as, para que estudien, para que se preparen, para que el d\u00eda de ma\u00f1ana\u00a0 sean mujeres y hombres de bien. Seguir\u00e9 trabajando para darle m\u00e1s bienestar al Estado de M\u00e9xico, para dar m\u00e1s salud y bienestar al Estado de M\u00e9xico, para apoyar la infraestructura que merece el Estado de M\u00e9xico\u201d.<\/p>\n","protected":false},"excerpt":{"rendered":"<p>El gobernador Eruviel \u00c1vila Villegas reiter\u00f3 la disposici\u00f3n del gobierno del Estado de M\u00e9xico de seguir trabajando para que las reformas estructurales impulsadas por el presidente Enrique Pe\u00f1a Nieto, cobren vigencia y beneficien a la gente, por lo que invit\u00f3  al resto de las administraciones estatales para que juntos, instancias gubernamentales y sociedad, logren este objetivo.<\/p>\n","protected":false},"author":3,"featured_media":209943,"comment_status":"open","ping_status":"open","sticky":false,"template":"","format":"standard","meta":{"_monsterinsights_skip_tracking":false,"_monsterinsights_sitenote_active":false,"_monsterinsights_sitenote_note":"","_monsterinsights_sitenote_category":0,"footnotes":""},"categories":[5],"tags":[34028,5828,43675,16411],"class_list":["post-209893","post","type-post","status-publish","format-standard","has-post-thumbnail","hentry","category-estado-de-mexico","tag-beneficio","tag-eruviel-avila-villegas","tag-estado-de-mexico","tag-familias"],"_links":{"self":[{"href":"https:\/\/www.diarioimagen.net\/index.php?rest_route=\/wp\/v2\/posts\/209893","targetHints":{"allow":["GET"]}}],"collection":[{"href":"https:\/\/www.diarioimagen.net\/index.php?rest_route=\/wp\/v2\/posts"}],"about":[{"href":"https:\/\/www.diarioimagen.net\/index.php?rest_route=\/wp\/v2\/types\/post"}],"author":[{"embeddable":true,"href":"https:\/\/www.diarioimagen.net\/index.php?rest_route=\/wp\/v2\/users\/3"}],"replies":[{"embeddable":true,"href":"https:\/\/www.diarioimagen.net\/index.php?rest_route=%2Fwp%2Fv2%2Fcomments&post=209893"}],"version-history":[{"count":0,"href":"https:\/\/www.diarioimagen.net\/index.php?rest_route=\/wp\/v2\/posts\/209893\/revisions"}],"wp:featuredmedia":[{"embeddable":true,"href":"https:\/\/www.diarioimagen.net\/index.php?rest_route=\/wp\/v2\/media\/209943"}],"wp:attachment":[{"href":"https:\/\/www.diarioimagen.net\/index.php?rest_route=%2Fwp%2Fv2%2Fmedia&parent=209893"}],"wp:term":[{"taxonomy":"category","embeddable":true,"href":"https:\/\/www.diarioimagen.net\/index.php?rest_route=%2Fwp%2Fv2%2Fcategories&post=209893"},{"taxonomy":"post_tag","embeddable":true,"href":"https:\/\/www.diarioimagen.net\/index.php?rest_route=%2Fwp%2Fv2%2Ftags&post=209893"}],"curies":[{"name":"wp","href":"https:\/\/api.w.org\/{rel}","templated":true}]}}