{"id":209898,"date":"2015-03-13T00:13:07","date_gmt":"2015-03-13T06:13:07","guid":{"rendered":"http:\/\/www.diarioimagen.net\/?p=209898"},"modified":"2015-03-13T04:17:12","modified_gmt":"2015-03-13T10:17:12","slug":"se-palpan-ventajas-de-los-cambios","status":"publish","type":"post","link":"https:\/\/www.diarioimagen.net\/?p=209898","title":{"rendered":"Se palpan ventajas de los cambios"},"content":{"rendered":"<h2>Arco Norte<\/h2>\n<h5>Jos\u00e9 Luis Monta\u00f1ez Aguilar<\/h5>\n<p>&nbsp;<\/p>\n<div id=\"attachment_209944\" style=\"width: 250px\" class=\"wp-caption alignleft\"><a href=\"http:\/\/www.diarioimagen.net\/?attachment_id=209944\" rel=\"attachment wp-att-209944\"><img loading=\"lazy\" decoding=\"async\" aria-describedby=\"caption-attachment-209944\" class=\"size-medium wp-image-209944\" src=\"http:\/\/www.diarioimagen.net\/wp-content\/uploads\/2015\/03\/arco-2569-240x135.jpg\" alt=\"El gobernador Eruviel \u00c1vila Villegas entregando Acciones Por la Educaci\u00f3n.\" width=\"240\" height=\"135\" srcset=\"https:\/\/www.diarioimagen.net\/wp-content\/uploads\/2015\/03\/arco-2569-240x135.jpg 240w, https:\/\/www.diarioimagen.net\/wp-content\/uploads\/2015\/03\/arco-2569-420x236.jpg 420w, https:\/\/www.diarioimagen.net\/wp-content\/uploads\/2015\/03\/arco-2569.jpg 480w, https:\/\/www.diarioimagen.net\/wp-content\/uploads\/2015\/03\/arco-2569-235x132.jpg 235w, https:\/\/www.diarioimagen.net\/wp-content\/uploads\/2015\/03\/arco-2569-202x114.jpg 202w, https:\/\/www.diarioimagen.net\/wp-content\/uploads\/2015\/03\/arco-2569-350x196.jpg 350w, https:\/\/www.diarioimagen.net\/wp-content\/uploads\/2015\/03\/arco-2569-220x123.jpg 220w, https:\/\/www.diarioimagen.net\/wp-content\/uploads\/2015\/03\/arco-2569-237x132.jpg 237w\" sizes=\"auto, (max-width: 240px) 100vw, 240px\" \/><\/a><p id=\"caption-attachment-209944\" class=\"wp-caption-text\">El gobernador Eruviel \u00c1vila Villegas entregando Acciones Por la Educaci\u00f3n.<\/p><\/div>\n<p>El gobierno del Estado de M\u00e9xico seguir\u00e1 trabajando para que las reformas estructurales impulsadas por el presidente Enrique Pe\u00f1a Nieto, cobren vigencia y beneficien a la gente, por lo que invit\u00f3 al resto de las administraciones estatales para que juntos, instancias gubernamentales y sociedad, logren este objetivo, as\u00f3 lo anunci\u00f3 ayer en Tlalnepantla Eruviel \u00c1vila Villegas. El mandatario reconoci\u00f3 la labor del gobierno federal de llevar a cabo sesiones informativas a trav\u00e9s de los secretarios del gabinete federal, para dar a conocer los alcances y beneficios de estas reformas estructurales y transformadoras en diferentes sectores como telecomunicaciones, energ\u00eda, educaci\u00f3n, hacienda, entre otros.\u00a0\u00a0\u00a0\u00a0 En este sentido, indic\u00f3 que algunas reformas ya est\u00e1n dando beneficios palpables a la poblaci\u00f3n, como la eliminaci\u00f3n del cobro de larga distancia, as\u00ed como el hecho de que cada mes ya no suba el precio de la gasolina, lo cual impacta en la econom\u00eda de los mexicanos. Reconoci\u00f3 el esfuerzo de los estudiantes mexiquenses, as\u00ed como el impulso que les dan sus padres y el trabajo que realizan sus maestros, y asever\u00f3 que su administraci\u00f3n seguir\u00e1 apoyando los centros escolares con infraestructura y equipamiento, adem\u00e1s de entregar becas a alumnos con discapacidad y otorgar La Efectiva a los escolares de preescolar, primaria y secundaria. \u201cYo voy a seguir trabajando con mucho entusiasmo, apoyando a mis j\u00f3venes, a mis ni\u00f1as, para que estudien, para que se preparen, para que el d\u00eda de ma\u00f1ana sean mujeres y hombres de bien. Seguir\u00e9 trabajando para darle m\u00e1s bienestar al Estado de M\u00e9xico, para dar m\u00e1s salud y bienestar al Estado de M\u00e9xico, para apoyar la infraestructura que merece el Estado de M\u00e9xico\u201d.<\/p>\n<p><em><a href=\"mailto:montanezaguilar@gmail.com\" target=\"_blank\">montanezaguilar@gmail.com<\/a><\/em><\/p>\n","protected":false},"excerpt":{"rendered":"<p><span style=\"color: #005497;\"><strong>Jos\u00e9 Luis Monta\u00f1ez Aguilar<\/strong><\/span><br \/>\n<br \/>\nEl gobierno del Estado de M\u00e9xico seguir\u00e1 trabajando para que las reformas estructurales impulsadas por el presidente Enrique Pe\u00f1a Nieto, cobren vigencia y beneficien a la gente, por lo que invit\u00f3 al resto de las administraciones estatales para que juntos, instancias gubernamentales y sociedad, logren este objetivo, as\u00f3 lo anunci\u00f3 ayer en Tlalnepantla Eruviel \u00c1vila Villegas. <\/p>\n","protected":false},"author":3,"featured_media":209944,"comment_status":"open","ping_status":"open","sticky":false,"template":"","format":"standard","meta":{"_monsterinsights_skip_tracking":false,"_monsterinsights_sitenote_active":false,"_monsterinsights_sitenote_note":"","_monsterinsights_sitenote_category":0,"footnotes":""},"categories":[5],"tags":[13284,43704,43674],"class_list":["post-209898","post","type-post","status-publish","format-standard","has-post-thumbnail","hentry","category-estado-de-mexico","tag-arco-norte","tag-jose-luis-montanez-aguilar","tag-opinion"],"_links":{"self":[{"href":"https:\/\/www.diarioimagen.net\/index.php?rest_route=\/wp\/v2\/posts\/209898","targetHints":{"allow":["GET"]}}],"collection":[{"href":"https:\/\/www.diarioimagen.net\/index.php?rest_route=\/wp\/v2\/posts"}],"about":[{"href":"https:\/\/www.diarioimagen.net\/index.php?rest_route=\/wp\/v2\/types\/post"}],"author":[{"embeddable":true,"href":"https:\/\/www.diarioimagen.net\/index.php?rest_route=\/wp\/v2\/users\/3"}],"replies":[{"embeddable":true,"href":"https:\/\/www.diarioimagen.net\/index.php?rest_route=%2Fwp%2Fv2%2Fcomments&post=209898"}],"version-history":[{"count":0,"href":"https:\/\/www.diarioimagen.net\/index.php?rest_route=\/wp\/v2\/posts\/209898\/revisions"}],"wp:featuredmedia":[{"embeddable":true,"href":"https:\/\/www.diarioimagen.net\/index.php?rest_route=\/wp\/v2\/media\/209944"}],"wp:attachment":[{"href":"https:\/\/www.diarioimagen.net\/index.php?rest_route=%2Fwp%2Fv2%2Fmedia&parent=209898"}],"wp:term":[{"taxonomy":"category","embeddable":true,"href":"https:\/\/www.diarioimagen.net\/index.php?rest_route=%2Fwp%2Fv2%2Fcategories&post=209898"},{"taxonomy":"post_tag","embeddable":true,"href":"https:\/\/www.diarioimagen.net\/index.php?rest_route=%2Fwp%2Fv2%2Ftags&post=209898"}],"curies":[{"name":"wp","href":"https:\/\/api.w.org\/{rel}","templated":true}]}}