{"id":209924,"date":"2015-03-13T00:09:36","date_gmt":"2015-03-13T06:09:36","guid":{"rendered":"http:\/\/www.diarioimagen.net\/?p=209924"},"modified":"2015-03-13T05:15:10","modified_gmt":"2015-03-13T11:15:10","slug":"tepjf-revoca-multa-al-pvem-pide-sancion-congruente-a-falta","status":"publish","type":"post","link":"https:\/\/www.diarioimagen.net\/?p=209924","title":{"rendered":"TEPJF revoca multa al PVEM; pide sanci\u00f3n congruente a falta"},"content":{"rendered":"<ul>\n<li><strong><em>Violent\u00f3 modelo de comunicaci\u00f3n pol\u00edtica<\/em><\/strong><\/li>\n<\/ul>\n<div id=\"attachment_209956\" style=\"width: 250px\" class=\"wp-caption alignleft\"><a href=\"http:\/\/www.diarioimagen.net\/?attachment_id=209956\" rel=\"attachment wp-att-209956\"><img loading=\"lazy\" decoding=\"async\" aria-describedby=\"caption-attachment-209956\" class=\"size-medium wp-image-209956\" src=\"http:\/\/www.diarioimagen.net\/wp-content\/uploads\/2015\/03\/TRIBUNAL-2569-240x135.jpg\" alt=\"Magistrados del TEPJF consideran que con los spots del PVEM se gener\u00f3 una sobrexposici\u00f3n de ese instituto pol\u00edtico en los medios de comunicaci\u00f3n.\" width=\"240\" height=\"135\" srcset=\"https:\/\/www.diarioimagen.net\/wp-content\/uploads\/2015\/03\/TRIBUNAL-2569-240x135.jpg 240w, https:\/\/www.diarioimagen.net\/wp-content\/uploads\/2015\/03\/TRIBUNAL-2569-420x236.jpg 420w, https:\/\/www.diarioimagen.net\/wp-content\/uploads\/2015\/03\/TRIBUNAL-2569.jpg 480w, https:\/\/www.diarioimagen.net\/wp-content\/uploads\/2015\/03\/TRIBUNAL-2569-235x132.jpg 235w, https:\/\/www.diarioimagen.net\/wp-content\/uploads\/2015\/03\/TRIBUNAL-2569-202x114.jpg 202w, https:\/\/www.diarioimagen.net\/wp-content\/uploads\/2015\/03\/TRIBUNAL-2569-350x196.jpg 350w, https:\/\/www.diarioimagen.net\/wp-content\/uploads\/2015\/03\/TRIBUNAL-2569-220x123.jpg 220w, https:\/\/www.diarioimagen.net\/wp-content\/uploads\/2015\/03\/TRIBUNAL-2569-237x132.jpg 237w\" sizes=\"auto, (max-width: 240px) 100vw, 240px\" \/><\/a><p id=\"caption-attachment-209956\" class=\"wp-caption-text\">Magistrados del TEPJF consideran que con los spots del PVEM se gener\u00f3 una sobrexposici\u00f3n de ese instituto pol\u00edtico en los medios de comunicaci\u00f3n.<\/p><\/div>\n<p>El Tribunal Electoral del Poder Judicial de la Federaci\u00f3n (TEPJF) determin\u00f3 que la Sala Regional Especializada deber\u00e1 emitir una nueva sanci\u00f3n al PVEM por la difusi\u00f3n reiterada y sistem\u00e1tica de promocionales identificados como \u201cVerde s\u00ed cumple\u201d.<\/p>\n<p>El pleno del tribunal revoc\u00f3, por mayor\u00eda, la amonestaci\u00f3n p\u00fablica impuesta al Partido Verde Ecologista de M\u00e9xico (PVEM) por el \u00f3rgano jurisdiccional, al considerar que no existe congruencia entre la falta cometida, la cual violent\u00f3 el modelo de comunicaci\u00f3n pol\u00edtica previsto en la Constituci\u00f3n, y la sanci\u00f3n aplicada.<\/p>\n<p>El magistrado Manuel Gonz\u00e1lez Oropeza dijo que no se debe analizar aisladamente la conducta del partido, ya que es p\u00fablico y notorio que desde septiembre de 2014 sus promocionales, aunque con distintos legisladores, fueron usados para emitir los mismos mensajes.<\/p>\n","protected":false},"excerpt":{"rendered":"<p>El Tribunal Electoral del Poder Judicial de la Federaci\u00f3n (TEPJF) determin\u00f3 que la Sala Regional Especializada deber\u00e1 emitir una<\/p>\n","protected":false},"author":3,"featured_media":209956,"comment_status":"open","ping_status":"open","sticky":false,"template":"","format":"standard","meta":{"_monsterinsights_skip_tracking":false,"_monsterinsights_sitenote_active":false,"_monsterinsights_sitenote_note":"","_monsterinsights_sitenote_category":0,"footnotes":""},"categories":[3],"tags":[17847,4644],"class_list":["post-209924","post","type-post","status-publish","format-standard","has-post-thumbnail","hentry","category-nacional","tag-multa","tag-tepjf"],"_links":{"self":[{"href":"https:\/\/www.diarioimagen.net\/index.php?rest_route=\/wp\/v2\/posts\/209924","targetHints":{"allow":["GET"]}}],"collection":[{"href":"https:\/\/www.diarioimagen.net\/index.php?rest_route=\/wp\/v2\/posts"}],"about":[{"href":"https:\/\/www.diarioimagen.net\/index.php?rest_route=\/wp\/v2\/types\/post"}],"author":[{"embeddable":true,"href":"https:\/\/www.diarioimagen.net\/index.php?rest_route=\/wp\/v2\/users\/3"}],"replies":[{"embeddable":true,"href":"https:\/\/www.diarioimagen.net\/index.php?rest_route=%2Fwp%2Fv2%2Fcomments&post=209924"}],"version-history":[{"count":0,"href":"https:\/\/www.diarioimagen.net\/index.php?rest_route=\/wp\/v2\/posts\/209924\/revisions"}],"wp:featuredmedia":[{"embeddable":true,"href":"https:\/\/www.diarioimagen.net\/index.php?rest_route=\/wp\/v2\/media\/209956"}],"wp:attachment":[{"href":"https:\/\/www.diarioimagen.net\/index.php?rest_route=%2Fwp%2Fv2%2Fmedia&parent=209924"}],"wp:term":[{"taxonomy":"category","embeddable":true,"href":"https:\/\/www.diarioimagen.net\/index.php?rest_route=%2Fwp%2Fv2%2Fcategories&post=209924"},{"taxonomy":"post_tag","embeddable":true,"href":"https:\/\/www.diarioimagen.net\/index.php?rest_route=%2Fwp%2Fv2%2Ftags&post=209924"}],"curies":[{"name":"wp","href":"https:\/\/api.w.org\/{rel}","templated":true}]}}