{"id":209949,"date":"2015-03-13T00:08:35","date_gmt":"2015-03-13T06:08:35","guid":{"rendered":"http:\/\/www.diarioimagen.net\/?p=209949"},"modified":"2015-03-13T04:54:46","modified_gmt":"2015-03-13T10:54:46","slug":"crean-conciencia-de-la-igualdad-en-tlalnepantla","status":"publish","type":"post","link":"https:\/\/www.diarioimagen.net\/?p=209949","title":{"rendered":"Crean conciencia de la igualdad en Tlalnepantla"},"content":{"rendered":"<ul>\n<li><em><b>Promueven actividades del CTDC<\/b><\/em><\/li>\n<\/ul>\n<p>&nbsp;<\/p>\n<p><strong><a href=\"http:\/\/www.diarioimagen.net\/?attachment_id=209950\" rel=\"attachment wp-att-209950\"><img loading=\"lazy\" decoding=\"async\" class=\"alignleft size-medium wp-image-209950\" src=\"http:\/\/www.diarioimagen.net\/wp-content\/uploads\/2015\/03\/TLALNEPANTLA-2569-240x135.jpg\" alt=\"TLALNEPANTLA-2569\" width=\"240\" height=\"135\" srcset=\"https:\/\/www.diarioimagen.net\/wp-content\/uploads\/2015\/03\/TLALNEPANTLA-2569-240x135.jpg 240w, https:\/\/www.diarioimagen.net\/wp-content\/uploads\/2015\/03\/TLALNEPANTLA-2569-420x236.jpg 420w, https:\/\/www.diarioimagen.net\/wp-content\/uploads\/2015\/03\/TLALNEPANTLA-2569.jpg 480w, https:\/\/www.diarioimagen.net\/wp-content\/uploads\/2015\/03\/TLALNEPANTLA-2569-235x132.jpg 235w, https:\/\/www.diarioimagen.net\/wp-content\/uploads\/2015\/03\/TLALNEPANTLA-2569-202x114.jpg 202w, https:\/\/www.diarioimagen.net\/wp-content\/uploads\/2015\/03\/TLALNEPANTLA-2569-350x196.jpg 350w, https:\/\/www.diarioimagen.net\/wp-content\/uploads\/2015\/03\/TLALNEPANTLA-2569-220x123.jpg 220w, https:\/\/www.diarioimagen.net\/wp-content\/uploads\/2015\/03\/TLALNEPANTLA-2569-237x132.jpg 237w\" sizes=\"auto, (max-width: 240px) 100vw, 240px\" \/><\/a>Tlalnepantla, Estado de M\u00e9xico.-<\/strong> En el marco del D\u00eda Internacional de la Mujer, el Sistema Municipal DIF, con el objetivo de crear conciencia de la igualdad de derechos, llev\u00f3 a cabo la jornada en el subsistema Cristina Pacheco, \u201cHombres sus derechos y nada m\u00e1s, Mujeres sus derechos y nada menos\u201d, d\u00f3nde se promovieron las actividades que se imparten en los Centro Tlalnepantlenses de Desarrollo Comunitario (CTDC), as\u00ed como diferentes programas y beneficios de parte de empresas particulares especialmente para las asistentes.<\/p>\n<p>Estando conscientes del trabajo que a\u00fan falta por hacer en el municipio de Tlalnepantla y la sociedad en general, la direcci\u00f3n de Prevenci\u00f3n y Bienes\u00adtar en conjunto de la direcci\u00f3n Jur\u00eddica manejan programas permanentes informativos, de prevenci\u00f3n y atenci\u00f3n a las usuarias que desean emprender un negocio, superarse escolar y laboralmente o sufren de alg\u00fan tipo de violencia.<\/p>\n<p>Trabajando por el desa\u00adrrollo de las mujeres se otorg\u00f3 la conferencia para mujeres \u201cG\u00e9nero y Psicosom\u00e1tica\u201d, impartida por un catedr\u00e1tico de la Universidad Nacional Aut\u00f3noma de M\u00e9xico, quien a trav\u00e9s de din\u00e1micas expuso las caracter\u00edsticas psicol\u00f3gicas y biol\u00f3gicas de cada g\u00e9nero as\u00ed como el cambio de los roles sociales a trav\u00e9s del tiempo.<\/p>\n<p>Complementando las actividades hubo venta de comida t\u00edpica, reposter\u00eda y bisuter\u00eda elaborada en los diferentes centros del sistema, as\u00ed como la promoci\u00f3n de los cursos y talleres que los diferentes departamentos ofrecen para toda la familia.<\/p>\n","protected":false},"excerpt":{"rendered":"<p>En el marco del D\u00eda Internacional de la Mujer, el Sistema Municipal DIF, con el objetivo de crear conciencia de la igualdad de derechos, llev\u00f3 a cabo la jornada en el subsistema Cristina Pacheco, \u201cHombres sus derechos y nada m\u00e1s, Mujeres sus derechos y nada menos\u201d, d\u00f3nde se promovieron las actividades que se imparten en los Centro Tlalnepantlenses de Desarrollo Comunitario (CTDC), as\u00ed como diferentes programas y beneficios de parte de empresas particulares especialmente para las asistentes.<\/p>\n","protected":false},"author":1,"featured_media":209950,"comment_status":"open","ping_status":"open","sticky":false,"template":"","format":"standard","meta":{"_monsterinsights_skip_tracking":false,"_monsterinsights_sitenote_active":false,"_monsterinsights_sitenote_note":"","_monsterinsights_sitenote_category":0,"footnotes":""},"categories":[5],"tags":[43675,169],"class_list":["post-209949","post","type-post","status-publish","format-standard","has-post-thumbnail","hentry","category-estado-de-mexico","tag-estado-de-mexico","tag-tlalnepantla"],"_links":{"self":[{"href":"https:\/\/www.diarioimagen.net\/index.php?rest_route=\/wp\/v2\/posts\/209949","targetHints":{"allow":["GET"]}}],"collection":[{"href":"https:\/\/www.diarioimagen.net\/index.php?rest_route=\/wp\/v2\/posts"}],"about":[{"href":"https:\/\/www.diarioimagen.net\/index.php?rest_route=\/wp\/v2\/types\/post"}],"author":[{"embeddable":true,"href":"https:\/\/www.diarioimagen.net\/index.php?rest_route=\/wp\/v2\/users\/1"}],"replies":[{"embeddable":true,"href":"https:\/\/www.diarioimagen.net\/index.php?rest_route=%2Fwp%2Fv2%2Fcomments&post=209949"}],"version-history":[{"count":0,"href":"https:\/\/www.diarioimagen.net\/index.php?rest_route=\/wp\/v2\/posts\/209949\/revisions"}],"wp:featuredmedia":[{"embeddable":true,"href":"https:\/\/www.diarioimagen.net\/index.php?rest_route=\/wp\/v2\/media\/209950"}],"wp:attachment":[{"href":"https:\/\/www.diarioimagen.net\/index.php?rest_route=%2Fwp%2Fv2%2Fmedia&parent=209949"}],"wp:term":[{"taxonomy":"category","embeddable":true,"href":"https:\/\/www.diarioimagen.net\/index.php?rest_route=%2Fwp%2Fv2%2Fcategories&post=209949"},{"taxonomy":"post_tag","embeddable":true,"href":"https:\/\/www.diarioimagen.net\/index.php?rest_route=%2Fwp%2Fv2%2Ftags&post=209949"}],"curies":[{"name":"wp","href":"https:\/\/api.w.org\/{rel}","templated":true}]}}