{"id":210008,"date":"2015-03-13T16:00:59","date_gmt":"2015-03-13T22:00:59","guid":{"rendered":"http:\/\/www.diarioimagen.net\/?p=210008"},"modified":"2015-03-17T05:12:45","modified_gmt":"2015-03-17T11:12:45","slug":"inaugura-eruviel-avila-la-biblioteca-digital-numero-164-en-el-edomex","status":"publish","type":"post","link":"https:\/\/www.diarioimagen.net\/?p=210008","title":{"rendered":"Inaugura Eruviel \u00c1vila la Biblioteca Digital n\u00famero 164 en el Edomex"},"content":{"rendered":"<ul>\n<li><strong><em>Al entregar apoyos de diferentes programas educativos en beneficio de 5 mil estudiantes, el gobernador indic\u00f3 que este tipo de bibliotecas permite a los mexiquenses acercarse a las nuevas tecnolog\u00edas, adem\u00e1s de que los alumnos pueden realizar sus tareas e investigaciones escolares de forma gratuita<\/em><\/strong><\/li>\n<\/ul>\n<p>&nbsp;<\/p>\n<div id=\"attachment_210009\" style=\"width: 250px\" class=\"wp-caption alignleft\"><a href=\"http:\/\/www.diarioimagen.net\/?attachment_id=210009\" rel=\"attachment wp-att-210009\"><img loading=\"lazy\" decoding=\"async\" aria-describedby=\"caption-attachment-210009\" class=\"size-medium wp-image-210009\" src=\"http:\/\/www.diarioimagen.net\/wp-content\/uploads\/2015\/03\/eruviel-biblioteca-240x135.jpg\" alt=\"El gobernador Eruviel \u00c1vila Villegas en la entrega de Acciones por la Educaci\u00f3n e inauguraci\u00f3n de Biblioteca Digital.\" width=\"240\" height=\"135\" srcset=\"https:\/\/www.diarioimagen.net\/wp-content\/uploads\/2015\/03\/eruviel-biblioteca-240x135.jpg 240w, https:\/\/www.diarioimagen.net\/wp-content\/uploads\/2015\/03\/eruviel-biblioteca-420x236.jpg 420w, https:\/\/www.diarioimagen.net\/wp-content\/uploads\/2015\/03\/eruviel-biblioteca.jpg 480w, https:\/\/www.diarioimagen.net\/wp-content\/uploads\/2015\/03\/eruviel-biblioteca-235x132.jpg 235w, https:\/\/www.diarioimagen.net\/wp-content\/uploads\/2015\/03\/eruviel-biblioteca-202x114.jpg 202w, https:\/\/www.diarioimagen.net\/wp-content\/uploads\/2015\/03\/eruviel-biblioteca-350x196.jpg 350w, https:\/\/www.diarioimagen.net\/wp-content\/uploads\/2015\/03\/eruviel-biblioteca-220x123.jpg 220w, https:\/\/www.diarioimagen.net\/wp-content\/uploads\/2015\/03\/eruviel-biblioteca-237x132.jpg 237w\" sizes=\"auto, (max-width: 240px) 100vw, 240px\" \/><\/a><p id=\"caption-attachment-210009\" class=\"wp-caption-text\">El gobernador Eruviel \u00c1vila Villegas en la entrega de Acciones por la Educaci\u00f3n e inauguraci\u00f3n de Biblioteca Digital.<\/p><\/div>\n<p><strong>Zumpango, Estado de M\u00e9xico.-<\/strong> Durante la entrega de las Acciones por la Educaci\u00f3n, el gobernador Eruviel \u00c1vila Villegas inaugur\u00f3 la Biblioteca Digital de Zumpango, con la que suman ya 164 espacios de este tipo donde estudiantes y poblaci\u00f3n en general pueden acudir para realizar sus tareas e investigaciones escolares de manera gratuita, adem\u00e1s de vincularlos con el uso de las nuevas tecnolog\u00edas y facilitando el acceso a medios educativos de informaci\u00f3n digitalizada, con la finalidad de tener mexiquenses mejor preparados.<\/p>\n<p>\u201cHoy en Zumpango me dio mucho gusto entregarles la Biblioteca Digital n\u00famero 164 para que puedan hacer sus tareas, para que puedan consultar el internet, para que se puedan vincular con las nuevas tecnolog\u00edas, y vamos a seguir invirtiendo en las nuevas tecnolog\u00edas porque en esta era digital es muy importante vincular a nuestros estudiantes con las nuevas tecnolog\u00edas\u201d, se\u00f1al\u00f3.<\/p>\n<p>Eruviel \u00c1vila explic\u00f3 que estas bibliotecas se han construido a trav\u00e9s del Gobierno del Estado de M\u00e9xico, as\u00ed como del trabajo con una empresa telef\u00f3nica, y de la Red de Innovaci\u00f3n y Aprendizaje (RIA).<\/p>\n<p>La Biblioteca Digital de Zumpango cuenta con 50 equipos de c\u00f3mputo, tabletas electr\u00f3nicas y equipo de proyecci\u00f3n, donde sus usuarios podr\u00e1n consultar de forma gratuita a trav\u00e9s de internet, cursos de ingl\u00e9s y computaci\u00f3n, adem\u00e1s contar\u00e1 con un club de cultura y brindar\u00e1 servicios de impresi\u00f3n, fotocopiado y escaneo.<\/p>\n<p>En este evento el gobernador mexiquense entreg\u00f3 apoyos de las Acciones por la Educaci\u00f3n a 5 mil alumnos de esta regi\u00f3n de la entidad, entre los que destacan recursos econ\u00f3micos del programa de Titulaci\u00f3n Simplificada, 4 mil pesos para estudiantes de universidad y 2 mil para aquellos que terminaron alguna carrera t\u00e9cnica en nivel bachillerato.<\/p>\n<p>Asimismo, otorg\u00f3 tarjetas de La Efectiva, mediante la cual los alumnos de nivel b\u00e1sico contar\u00e1n con un seguro contra accidentes en caso de padecer alg\u00fan percance en la instituci\u00f3n educativa o en el camino de la escuela hacia su casa y viceversa; adem\u00e1s a partir del 8 de junio podr\u00e1n utilizarla para canjear sus vales de \u00fatiles escolares.<\/p>\n<p>Adem\u00e1s recibieron est\u00edmulos econ\u00f3micos a trav\u00e9s de La Efectiva, como se ha realizado durante esta administraci\u00f3n, integrantes de las escoltas escolares, y se entregaron computadoras tifl\u00f3tecnicas a estudiantes que padecen ceguera, y laptops para alumnos destacados.<\/p>\n","protected":false},"excerpt":{"rendered":"<p>Durante la entrega de las Acciones por la Educaci\u00f3n, el gobernador Eruviel \u00c1vila Villegas inaugur\u00f3 la Biblioteca Digital de Zumpango, con la que suman ya 164 espacios de este tipo donde estudiantes y poblaci\u00f3n en general pueden acudir para realizar sus tareas e investigaciones escolares de manera gratuita, adem\u00e1s de vincularlos con el uso de las nuevas tecnolog\u00edas y facilitando el acceso a medios educativos de informaci\u00f3n digitalizada, con la finalidad de tener mexiquenses mejor preparados.<\/p>\n","protected":false},"author":1,"featured_media":210009,"comment_status":"open","ping_status":"open","sticky":false,"template":"","format":"standard","meta":{"_monsterinsights_skip_tracking":false,"_monsterinsights_sitenote_active":false,"_monsterinsights_sitenote_note":"","_monsterinsights_sitenote_category":0,"footnotes":""},"categories":[5],"tags":[5828,43675],"class_list":["post-210008","post","type-post","status-publish","format-standard","has-post-thumbnail","hentry","category-estado-de-mexico","tag-eruviel-avila-villegas","tag-estado-de-mexico"],"_links":{"self":[{"href":"https:\/\/www.diarioimagen.net\/index.php?rest_route=\/wp\/v2\/posts\/210008","targetHints":{"allow":["GET"]}}],"collection":[{"href":"https:\/\/www.diarioimagen.net\/index.php?rest_route=\/wp\/v2\/posts"}],"about":[{"href":"https:\/\/www.diarioimagen.net\/index.php?rest_route=\/wp\/v2\/types\/post"}],"author":[{"embeddable":true,"href":"https:\/\/www.diarioimagen.net\/index.php?rest_route=\/wp\/v2\/users\/1"}],"replies":[{"embeddable":true,"href":"https:\/\/www.diarioimagen.net\/index.php?rest_route=%2Fwp%2Fv2%2Fcomments&post=210008"}],"version-history":[{"count":0,"href":"https:\/\/www.diarioimagen.net\/index.php?rest_route=\/wp\/v2\/posts\/210008\/revisions"}],"wp:featuredmedia":[{"embeddable":true,"href":"https:\/\/www.diarioimagen.net\/index.php?rest_route=\/wp\/v2\/media\/210009"}],"wp:attachment":[{"href":"https:\/\/www.diarioimagen.net\/index.php?rest_route=%2Fwp%2Fv2%2Fmedia&parent=210008"}],"wp:term":[{"taxonomy":"category","embeddable":true,"href":"https:\/\/www.diarioimagen.net\/index.php?rest_route=%2Fwp%2Fv2%2Fcategories&post=210008"},{"taxonomy":"post_tag","embeddable":true,"href":"https:\/\/www.diarioimagen.net\/index.php?rest_route=%2Fwp%2Fv2%2Ftags&post=210008"}],"curies":[{"name":"wp","href":"https:\/\/api.w.org\/{rel}","templated":true}]}}