{"id":210021,"date":"2015-03-15T13:15:00","date_gmt":"2015-03-15T19:15:00","guid":{"rendered":"http:\/\/www.diarioimagen.net\/?p=210021"},"modified":"2015-03-17T05:13:10","modified_gmt":"2015-03-17T11:13:10","slug":"demanda-la-ip-crear-clima-de-confianza-para-alentar-negocios","status":"publish","type":"post","link":"https:\/\/www.diarioimagen.net\/?p=210021","title":{"rendered":"Demanda la IP crear clima de confianza para alentar negocios"},"content":{"rendered":"<div id=\"attachment_210022\" style=\"width: 250px\" class=\"wp-caption alignleft\"><img loading=\"lazy\" decoding=\"async\" aria-describedby=\"caption-attachment-210022\" class=\"size-medium wp-image-210022\" src=\"http:\/\/www.diarioimagen.net\/wp-content\/uploads\/2015\/03\/CONFIANZA-portal-240x135.jpg\" alt=\"El sector empresarial se\u00f1ala que es urgente recuperar la confianza para generar mayor inversi\u00f3n en el pa\u00eds.\" width=\"240\" height=\"135\" srcset=\"https:\/\/www.diarioimagen.net\/wp-content\/uploads\/2015\/03\/CONFIANZA-portal-240x135.jpg 240w, https:\/\/www.diarioimagen.net\/wp-content\/uploads\/2015\/03\/CONFIANZA-portal-420x236.jpg 420w, https:\/\/www.diarioimagen.net\/wp-content\/uploads\/2015\/03\/CONFIANZA-portal.jpg 480w, https:\/\/www.diarioimagen.net\/wp-content\/uploads\/2015\/03\/CONFIANZA-portal-235x132.jpg 235w, https:\/\/www.diarioimagen.net\/wp-content\/uploads\/2015\/03\/CONFIANZA-portal-202x114.jpg 202w, https:\/\/www.diarioimagen.net\/wp-content\/uploads\/2015\/03\/CONFIANZA-portal-350x196.jpg 350w, https:\/\/www.diarioimagen.net\/wp-content\/uploads\/2015\/03\/CONFIANZA-portal-220x123.jpg 220w, https:\/\/www.diarioimagen.net\/wp-content\/uploads\/2015\/03\/CONFIANZA-portal-237x132.jpg 237w\" sizes=\"auto, (max-width: 240px) 100vw, 240px\" \/><p id=\"caption-attachment-210022\" class=\"wp-caption-text\">El sector empresarial se\u00f1ala que es urgente recuperar la confianza para generar mayor inversi\u00f3n en el pa\u00eds.<\/p><\/div>\n<p>Crear un clima de confianza y certidumbre jur\u00eddica mostrar\u00e1 que en M\u00e9xico las condiciones para hacer negocios son favorables y estables, subray\u00f3 el Centro de Estudios Econ\u00f3micos del Sector Privado (CEESP) .<\/p>\n<p>En su reporte semanal \u00abAn\u00e1lisis econ\u00f3mico ejecutivo\u00bb , resalta que los inversionistas siempre est\u00e1n atentos al marco institucional que rodea los mercados hacia donde van a canalizar sus recursos.<\/p>\n<p>Para el organismo de investigaci\u00f3n del sector privado, no hay que olvidar que la fuente de financiamiento de capital f\u00edsico y humano es la inversi\u00f3n, entonces cuidarla y procurarla es deber de los poderes Ejecutivo, Judicial y Legislativo.<\/p>\n<p>\u00abEl esp\u00edritu para invertir y para consumir requiere confianza, por lo que es urgente recuperarla. Es evidente la estrecha correlaci\u00f3n entre confianza empresarial e inversi\u00f3n\u00bb , refiere.<\/p>\n<p>Al afirmar que la confianza es un factor fundamental en el desempe\u00f1o de la econom\u00eda en su conjunto, estima que junto con el buen desempe\u00f1o de las reformas aprobadas, es indispensable que existan reglas claras y certeza jur\u00eddica, adem\u00e1s de instituciones s\u00f3lidas que hagan respetar la ley.<\/p>\n<p>Es por ello, contin\u00faa, que el fortalecimiento del Estado de derecho es un requisito para que la econom\u00eda se desarrolle eficientemente. Para que el mercado funcione lo mejor posible, es necesario que todos los agentes econ\u00f3micos est\u00e9n seguros de tener garantizados sus derechos, a\u00f1ade en su reporte.<\/p>\n","protected":false},"excerpt":{"rendered":"<p>Crear un clima de confianza y certidumbre jur\u00eddica mostrar\u00e1 que en M\u00e9xico las condiciones para hacer negocios son favorables y estables, subray\u00f3 el Centro de Estudios Econ\u00f3micos del Sector Privado (CEESP) .<\/p>\n","protected":false},"author":5,"featured_media":210022,"comment_status":"open","ping_status":"open","sticky":false,"template":"","format":"standard","meta":{"_monsterinsights_skip_tracking":false,"_monsterinsights_sitenote_active":false,"_monsterinsights_sitenote_note":"","_monsterinsights_sitenote_category":0,"footnotes":""},"categories":[3],"tags":[],"class_list":["post-210021","post","type-post","status-publish","format-standard","has-post-thumbnail","hentry","category-nacional"],"_links":{"self":[{"href":"https:\/\/www.diarioimagen.net\/index.php?rest_route=\/wp\/v2\/posts\/210021","targetHints":{"allow":["GET"]}}],"collection":[{"href":"https:\/\/www.diarioimagen.net\/index.php?rest_route=\/wp\/v2\/posts"}],"about":[{"href":"https:\/\/www.diarioimagen.net\/index.php?rest_route=\/wp\/v2\/types\/post"}],"author":[{"embeddable":true,"href":"https:\/\/www.diarioimagen.net\/index.php?rest_route=\/wp\/v2\/users\/5"}],"replies":[{"embeddable":true,"href":"https:\/\/www.diarioimagen.net\/index.php?rest_route=%2Fwp%2Fv2%2Fcomments&post=210021"}],"version-history":[{"count":0,"href":"https:\/\/www.diarioimagen.net\/index.php?rest_route=\/wp\/v2\/posts\/210021\/revisions"}],"wp:featuredmedia":[{"embeddable":true,"href":"https:\/\/www.diarioimagen.net\/index.php?rest_route=\/wp\/v2\/media\/210022"}],"wp:attachment":[{"href":"https:\/\/www.diarioimagen.net\/index.php?rest_route=%2Fwp%2Fv2%2Fmedia&parent=210021"}],"wp:term":[{"taxonomy":"category","embeddable":true,"href":"https:\/\/www.diarioimagen.net\/index.php?rest_route=%2Fwp%2Fv2%2Fcategories&post=210021"},{"taxonomy":"post_tag","embeddable":true,"href":"https:\/\/www.diarioimagen.net\/index.php?rest_route=%2Fwp%2Fv2%2Ftags&post=210021"}],"curies":[{"name":"wp","href":"https:\/\/api.w.org\/{rel}","templated":true}]}}