{"id":210058,"date":"2015-03-16T00:13:24","date_gmt":"2015-03-16T06:13:24","guid":{"rendered":"http:\/\/www.diarioimagen.net\/?p=210058"},"modified":"2015-03-16T05:04:49","modified_gmt":"2015-03-16T11:04:49","slug":"actividad-notarial-sera-mas-eficiente","status":"publish","type":"post","link":"https:\/\/www.diarioimagen.net\/?p=210058","title":{"rendered":"Actividad notarial ser\u00e1 m\u00e1s eficiente"},"content":{"rendered":"<h2>Arco Norte<\/h2>\n<h5>Jos\u00e9 Luis Monta\u00f1ez Aguilar<\/h5>\n<p>&nbsp;<\/p>\n<div id=\"attachment_210140\" style=\"width: 250px\" class=\"wp-caption alignleft\"><a href=\"http:\/\/www.diarioimagen.net\/?attachment_id=210140\" rel=\"attachment wp-att-210140\"><img loading=\"lazy\" decoding=\"async\" aria-describedby=\"caption-attachment-210140\" class=\"size-medium wp-image-210140\" src=\"http:\/\/www.diarioimagen.net\/wp-content\/uploads\/2015\/03\/arco-2570-240x135.jpg\" alt=\"Entregando Acciones de Apoyo al Empleo, B\u00e9cate y Fomento al Autoempleo.\" width=\"240\" height=\"135\" srcset=\"https:\/\/www.diarioimagen.net\/wp-content\/uploads\/2015\/03\/arco-2570-240x135.jpg 240w, https:\/\/www.diarioimagen.net\/wp-content\/uploads\/2015\/03\/arco-2570-420x236.jpg 420w, https:\/\/www.diarioimagen.net\/wp-content\/uploads\/2015\/03\/arco-2570.jpg 480w, https:\/\/www.diarioimagen.net\/wp-content\/uploads\/2015\/03\/arco-2570-235x132.jpg 235w, https:\/\/www.diarioimagen.net\/wp-content\/uploads\/2015\/03\/arco-2570-202x114.jpg 202w, https:\/\/www.diarioimagen.net\/wp-content\/uploads\/2015\/03\/arco-2570-350x196.jpg 350w, https:\/\/www.diarioimagen.net\/wp-content\/uploads\/2015\/03\/arco-2570-220x123.jpg 220w, https:\/\/www.diarioimagen.net\/wp-content\/uploads\/2015\/03\/arco-2570-237x132.jpg 237w\" sizes=\"auto, (max-width: 240px) 100vw, 240px\" \/><\/a><p id=\"caption-attachment-210140\" class=\"wp-caption-text\">Entregando Acciones de Apoyo al Empleo, B\u00e9cate y Fomento al Autoempleo.<\/p><\/div>\n<p>El gobernador Eruviel \u00c1vila Villegas dio a conocer que durante este a\u00f1o se llevar\u00e1 a cabo la digitalizaci\u00f3n y creaci\u00f3n de folios en las oficinas registrales de los municipios de Toluca, Temascaltepec, Ecatepec, Sultepec y Valle de Bravo y destac\u00f3 que durante 2015 se modernizar\u00e1 la mayor cantidad de oficinas de este tipo en el territorio mexiquense, con la finalidad de hacer eficiente la actividad notarial, brindar mejores servicios y seguir otorgando seguridad jur\u00eddica a la poblaci\u00f3n. El mandatario puntualiz\u00f3 que para el 30 de abril de este a\u00f1o concluir\u00e1 la digitalizaci\u00f3n y creaci\u00f3n de folios en la oficina registral de Toluca y para el 31 de mayo estar\u00e1n listas las de Ecatepec, Temascaltepec, Sultepec y Valle de Bravo. Lo anterior lo anunci\u00f3 al tomar protesta a los integrantes del Consejo Directivo del Colegio de Notarios del Estado de M\u00e9xico, para el periodo 2015-2017, que estar\u00e1 presidido por Carlos Otero Rodr\u00edguez. Eruviel \u00c1vila expres\u00f3 que tanto su administraci\u00f3n como la sociedad conf\u00edan en este gremio, ya que es una de las instituciones con mayor credibilidad, debido al trabajo que desarrollan y que se distingue por ser imparcial, con esp\u00edritu conciliador, humanista y equitativo. Reconoci\u00f3 el trabajo que los notarios hacen a favor de la ciudadan\u00eda, mediante el cual impulsan el progreso de la sociedad, gracias a su capacidad, preparaci\u00f3n jur\u00eddica, conocimiento y experiencia que les permite escuchar, orientar y certificar en los mejores t\u00e9rminos del Derecho a todo aquel mexiquense que lo solicita, en temas referentes a la adquisici\u00f3n de un inmueble, formalizando operaciones comerciales o para dar certeza jur\u00eddica en contratos.<\/p>\n<p><em><a href=\"mailto:montanezaguilar@gmail.com\" target=\"_blank\">montanezaguilar@gmail.com<\/a><\/em><\/p>\n","protected":false},"excerpt":{"rendered":"<p><span style=\"color: #005497;\"><strong>Jos\u00e9 Luis Monta\u00f1ez Aguilar<\/strong><\/span><br \/>\n<br \/>\nEl gobernador Eruviel \u00c1vila Villegas dio a conocer que durante este a\u00f1o se llevar\u00e1 a cabo la digitalizaci\u00f3n y creaci\u00f3n de folios en las oficinas registrales de los municipios de Toluca, Temascaltepec, Ecatepec, Sultepec y Valle de Bravo y destac\u00f3 que durante 2015 se modernizar\u00e1 la mayor cantidad de oficinas de este tipo en el territorio mexiquense, con la finalidad de hacer eficiente la actividad notarial, brindar mejores servicios y seguir otorgando seguridad jur\u00eddica a la poblaci\u00f3n. <\/p>\n","protected":false},"author":3,"featured_media":210140,"comment_status":"open","ping_status":"open","sticky":false,"template":"","format":"standard","meta":{"_monsterinsights_skip_tracking":false,"_monsterinsights_sitenote_active":false,"_monsterinsights_sitenote_note":"","_monsterinsights_sitenote_category":0,"footnotes":""},"categories":[5],"tags":[13284,43704,43674],"class_list":["post-210058","post","type-post","status-publish","format-standard","has-post-thumbnail","hentry","category-estado-de-mexico","tag-arco-norte","tag-jose-luis-montanez-aguilar","tag-opinion"],"_links":{"self":[{"href":"https:\/\/www.diarioimagen.net\/index.php?rest_route=\/wp\/v2\/posts\/210058","targetHints":{"allow":["GET"]}}],"collection":[{"href":"https:\/\/www.diarioimagen.net\/index.php?rest_route=\/wp\/v2\/posts"}],"about":[{"href":"https:\/\/www.diarioimagen.net\/index.php?rest_route=\/wp\/v2\/types\/post"}],"author":[{"embeddable":true,"href":"https:\/\/www.diarioimagen.net\/index.php?rest_route=\/wp\/v2\/users\/3"}],"replies":[{"embeddable":true,"href":"https:\/\/www.diarioimagen.net\/index.php?rest_route=%2Fwp%2Fv2%2Fcomments&post=210058"}],"version-history":[{"count":0,"href":"https:\/\/www.diarioimagen.net\/index.php?rest_route=\/wp\/v2\/posts\/210058\/revisions"}],"wp:featuredmedia":[{"embeddable":true,"href":"https:\/\/www.diarioimagen.net\/index.php?rest_route=\/wp\/v2\/media\/210140"}],"wp:attachment":[{"href":"https:\/\/www.diarioimagen.net\/index.php?rest_route=%2Fwp%2Fv2%2Fmedia&parent=210058"}],"wp:term":[{"taxonomy":"category","embeddable":true,"href":"https:\/\/www.diarioimagen.net\/index.php?rest_route=%2Fwp%2Fv2%2Fcategories&post=210058"},{"taxonomy":"post_tag","embeddable":true,"href":"https:\/\/www.diarioimagen.net\/index.php?rest_route=%2Fwp%2Fv2%2Ftags&post=210058"}],"curies":[{"name":"wp","href":"https:\/\/api.w.org\/{rel}","templated":true}]}}