{"id":210078,"date":"2015-03-16T00:08:41","date_gmt":"2015-03-16T06:08:41","guid":{"rendered":"http:\/\/www.diarioimagen.net\/?p=210078"},"modified":"2015-03-16T05:07:16","modified_gmt":"2015-03-16T11:07:16","slug":"derrama-por-mas-de-18-mdp-en-el-mundial-de-ala-delta","status":"publish","type":"post","link":"https:\/\/www.diarioimagen.net\/?p=210078","title":{"rendered":"Derrama por m\u00e1s de 18 mdp en el Mundial de Ala Delta"},"content":{"rendered":"<ul>\n<li><strong><em>Valle de Bravo<\/em><\/strong><\/li>\n<\/ul>\n<div id=\"attachment_210142\" style=\"width: 250px\" class=\"wp-caption alignleft\"><a href=\"http:\/\/www.diarioimagen.net\/?attachment_id=210142\" rel=\"attachment wp-att-210142\"><img loading=\"lazy\" decoding=\"async\" aria-describedby=\"caption-attachment-210142\" class=\"size-medium wp-image-210142\" src=\"http:\/\/www.diarioimagen.net\/wp-content\/uploads\/2015\/03\/ala-thumb-2570-240x135.jpg\" alt=\"Entregando Acciones de Apoyo al Empleo, B\u00e9cate y Fomento al Autoempleo.\" width=\"240\" height=\"135\" srcset=\"https:\/\/www.diarioimagen.net\/wp-content\/uploads\/2015\/03\/ala-thumb-2570-240x135.jpg 240w, https:\/\/www.diarioimagen.net\/wp-content\/uploads\/2015\/03\/ala-thumb-2570-420x236.jpg 420w, https:\/\/www.diarioimagen.net\/wp-content\/uploads\/2015\/03\/ala-thumb-2570.jpg 480w, https:\/\/www.diarioimagen.net\/wp-content\/uploads\/2015\/03\/ala-thumb-2570-235x132.jpg 235w, https:\/\/www.diarioimagen.net\/wp-content\/uploads\/2015\/03\/ala-thumb-2570-202x114.jpg 202w, https:\/\/www.diarioimagen.net\/wp-content\/uploads\/2015\/03\/ala-thumb-2570-350x196.jpg 350w, https:\/\/www.diarioimagen.net\/wp-content\/uploads\/2015\/03\/ala-thumb-2570-220x123.jpg 220w, https:\/\/www.diarioimagen.net\/wp-content\/uploads\/2015\/03\/ala-thumb-2570-237x132.jpg 237w\" sizes=\"auto, (max-width: 240px) 100vw, 240px\" \/><\/a><p id=\"caption-attachment-210142\" class=\"wp-caption-text\">Entregando Acciones de Apoyo al Empleo, B\u00e9cate y Fomento al Autoempleo.<\/p><\/div>\n<p>El XX Campeonato Mundial de Ala Delta 2015 super\u00f3 las expectativas con relaci\u00f3n a la derrama econ\u00f3mica en Valle de Bravo, ya que alcanz\u00f3 un registro mayor a los 18 millones de pesos.<\/p>\n<p>El director general de Turismo del estado de M\u00e9xico, \u00d3scar Garc\u00eda Ramos, inform\u00f3 que en las \u00faltimas semanas se registr\u00f3 en Valle de Bravo una afluencia aproximada de 10 mil visitantes.<\/p>\n<p>La llegada de visitantes se tradujo tambi\u00e9n en un incremento en la ocupaci\u00f3n hotelera del 30 por ciento, respecto a una temporada normal.<\/p>\n<p>A\u00f1adi\u00f3 que en agosto pr\u00f3ximo, el municipio ser\u00e1 tambi\u00e9n la sede del XXII Congreso Nacional de Turismo de Reuniones, que concentrar\u00e1 a 600 expertos y profesionales en organizaci\u00f3n de exposiciones, congresos, convenciones, seminarios y viajes de incentivos.<\/p>\n<p>Los visitantes, dijo, conocer\u00e1n la infraestructura hotelera, atractivos tur\u00edsticos y servicios alternos que ofrece este Pueblo M\u00e1gico.<\/p>\n<p>Garc\u00eda Ramos resalt\u00f3 la importancia que el turismo de reuniones representa para la entidad, pues tan s\u00f3lo durante 2014, se celebraron siete mil 376 eventos de reuniones.<\/p>\n<p>En dichos encuentros participaron 507 mil 520 personas, que ocuparon m\u00e1s de 500 mil cuartos-noche, con una derrama econ\u00f3mica superior a los cinco mil 500 millones de pesos.<\/p>\n","protected":false},"excerpt":{"rendered":"<p>El XX Campeonato Mundial de Ala Delta 2015 super\u00f3 las expectativas con relaci\u00f3n a la derrama econ\u00f3mica en Valle de Bravo, ya que alcanz\u00f3 un registro mayor a los 18 millones de pesos.<\/p>\n","protected":false},"author":3,"featured_media":210142,"comment_status":"open","ping_status":"open","sticky":false,"template":"","format":"standard","meta":{"_monsterinsights_skip_tracking":false,"_monsterinsights_sitenote_active":false,"_monsterinsights_sitenote_note":"","_monsterinsights_sitenote_category":0,"footnotes":""},"categories":[5],"tags":[43675,1458],"class_list":["post-210078","post","type-post","status-publish","format-standard","has-post-thumbnail","hentry","category-estado-de-mexico","tag-estado-de-mexico","tag-valle-de-bravo"],"_links":{"self":[{"href":"https:\/\/www.diarioimagen.net\/index.php?rest_route=\/wp\/v2\/posts\/210078","targetHints":{"allow":["GET"]}}],"collection":[{"href":"https:\/\/www.diarioimagen.net\/index.php?rest_route=\/wp\/v2\/posts"}],"about":[{"href":"https:\/\/www.diarioimagen.net\/index.php?rest_route=\/wp\/v2\/types\/post"}],"author":[{"embeddable":true,"href":"https:\/\/www.diarioimagen.net\/index.php?rest_route=\/wp\/v2\/users\/3"}],"replies":[{"embeddable":true,"href":"https:\/\/www.diarioimagen.net\/index.php?rest_route=%2Fwp%2Fv2%2Fcomments&post=210078"}],"version-history":[{"count":0,"href":"https:\/\/www.diarioimagen.net\/index.php?rest_route=\/wp\/v2\/posts\/210078\/revisions"}],"wp:featuredmedia":[{"embeddable":true,"href":"https:\/\/www.diarioimagen.net\/index.php?rest_route=\/wp\/v2\/media\/210142"}],"wp:attachment":[{"href":"https:\/\/www.diarioimagen.net\/index.php?rest_route=%2Fwp%2Fv2%2Fmedia&parent=210078"}],"wp:term":[{"taxonomy":"category","embeddable":true,"href":"https:\/\/www.diarioimagen.net\/index.php?rest_route=%2Fwp%2Fv2%2Fcategories&post=210078"},{"taxonomy":"post_tag","embeddable":true,"href":"https:\/\/www.diarioimagen.net\/index.php?rest_route=%2Fwp%2Fv2%2Ftags&post=210078"}],"curies":[{"name":"wp","href":"https:\/\/api.w.org\/{rel}","templated":true}]}}