{"id":210248,"date":"2015-03-17T00:06:55","date_gmt":"2015-03-17T06:06:55","guid":{"rendered":"http:\/\/www.diarioimagen.net\/?p=210248"},"modified":"2015-03-19T06:08:55","modified_gmt":"2015-03-19T12:08:55","slug":"mas-acciones-para-mejorar-la-productividad-del-campo","status":"publish","type":"post","link":"https:\/\/www.diarioimagen.net\/?p=210248","title":{"rendered":"M\u00e1s acciones para mejorar la productividad del campo"},"content":{"rendered":"<ul>\n<li><strong><em>Anuncia Eruviel \u00c1vila Villegas la entrega a productores de maquinaria, fertilizantes, vientres ovinos, semillas mejoradas, entre otros insumos<\/em><\/strong><\/li>\n<\/ul>\n<h6>Redacci\u00f3n<\/h6>\n<p>&nbsp;<\/p>\n<div id=\"attachment_210315\" style=\"width: 250px\" class=\"wp-caption alignleft\"><a href=\"http:\/\/www.diarioimagen.net\/?attachment_id=210315\" rel=\"attachment wp-att-210315\"><img loading=\"lazy\" decoding=\"async\" aria-describedby=\"caption-attachment-210315\" class=\"size-medium wp-image-210315\" src=\"http:\/\/www.diarioimagen.net\/wp-content\/uploads\/2015\/03\/eruviel-2571-240x135.jpg\" alt=\"El gobernador Eruviel \u00c1vila inform\u00f3 que en lo que va de la administraci\u00f3n se han invertido en el campo mexiquense m\u00e1s de 4 mil 200 millones de pesos. Precis\u00f3 que gracias al trabajo de los campesinos, el Estado de M\u00e9xico ocupa el primer lugar en diferentes rubros.\" width=\"240\" height=\"135\" srcset=\"https:\/\/www.diarioimagen.net\/wp-content\/uploads\/2015\/03\/eruviel-2571-240x135.jpg 240w, https:\/\/www.diarioimagen.net\/wp-content\/uploads\/2015\/03\/eruviel-2571-420x236.jpg 420w, https:\/\/www.diarioimagen.net\/wp-content\/uploads\/2015\/03\/eruviel-2571.jpg 480w, https:\/\/www.diarioimagen.net\/wp-content\/uploads\/2015\/03\/eruviel-2571-235x132.jpg 235w, https:\/\/www.diarioimagen.net\/wp-content\/uploads\/2015\/03\/eruviel-2571-202x114.jpg 202w, https:\/\/www.diarioimagen.net\/wp-content\/uploads\/2015\/03\/eruviel-2571-350x196.jpg 350w, https:\/\/www.diarioimagen.net\/wp-content\/uploads\/2015\/03\/eruviel-2571-220x123.jpg 220w, https:\/\/www.diarioimagen.net\/wp-content\/uploads\/2015\/03\/eruviel-2571-237x132.jpg 237w\" sizes=\"auto, (max-width: 240px) 100vw, 240px\" \/><\/a><p id=\"caption-attachment-210315\" class=\"wp-caption-text\">El gobernador Eruviel \u00c1vila inform\u00f3 que en lo que va de la administraci\u00f3n se han invertido en el campo mexiquense m\u00e1s de 4 mil 200 millones de pesos. Precis\u00f3 que gracias al trabajo de los campesinos, el Estado de M\u00e9xico ocupa el primer lugar en diferentes rubros.<\/p><\/div>\n<p>Para tener mexiquenses m\u00e1s productivos, el gobernador Eruviel \u00c1vila Villegas puso en marcha las 10 Acciones para el Campo, en donde inform\u00f3 que este a\u00f1o el presupuesto para el agro estatal ser\u00e1 de 3 mil 400 millones de pesos en beneficio de m\u00e1s de 400 mil campesinos con apoyos como la entrega de maquinaria, fertilizantes, vientres ovinos, semillas mejoradas, entre otros.<\/p>\n<p>De ese monto se otorgaron este d\u00eda 3 mil 400 millones de pesos que beneficiar\u00e1n a m\u00e1s de 18 mil productores de las regiones de Amecameca, Teoloyucan, Tepotzotl\u00e1n, Texcoco y Zumpango.<\/p>\n<p>Destac\u00f3 la entrega oportuna de estos apoyos justo antes de que inicien las siembras, gracias al trabajo en equipo que se realiza con el gobierno federal y los municipales.<\/p>\n<p>\u201cCon las acciones para el campo estamos demostrando que el presidente Enrique Pe\u00f1a Nieto, que el gobierno del Estado de M\u00e9xico, que los gobiernos municipales nos la jugamos con el campo, con la gente que trabaja el campo mexiquense, nos la jugamos con la gente buena, gente sencilla, gente amable como lo son todas y todos ustedes, que siembran en grande y cosechan en grande\u201d, indic\u00f3.<\/p>\n<p>El gobernador Eruviel \u00c1vila inform\u00f3 que en lo que va de la administraci\u00f3n se han invertido en el campo mexiquense m\u00e1s de 4 mil 200 millones de pesos.<\/p>\n<p>Precis\u00f3 que gracias al trabajo de los campesinos, el Estado de M\u00e9xico ocupa el primer lugar en diferentes rubros, como en la producci\u00f3n y exportaci\u00f3n de flores, en producci\u00f3n de unidades de miel, en inventario de ganado ovino y tambi\u00e9n ocupa los primeros lugares en la producci\u00f3n de tuna, nopal y ma\u00edz, adem\u00e1s se ha podido innovar con la construcci\u00f3n del Centro de Investigaci\u00f3n y Mejoramiento Flor\u00edcola.<\/p>\n<p>Eruviel \u00c1vila anunci\u00f3 la firma de un convenio con la FAO y el gobierno de Nueva Zelanda para capacitar a productores.<\/p>\n<p>Las Acciones para el Campo est\u00e1n relacionadas con alta productividad de insumos agr\u00edcolas; almacenamiento y a la comercializaci\u00f3n; impulso a la agricultura intensiva en floricultura y hortofruticultura; mecanizaci\u00f3n del campo y mecanizaci\u00f3n del minifundio, as\u00ed como el mejoramiento ganadero, acu\u00edcola y sanidad agropecuaria; seguro agr\u00edcola y ganadero; apoyo a la dieta y a la econom\u00eda del medio rural; apoyo a la mujer en las \u00e1reas rurales; investigaci\u00f3n, capacitaci\u00f3n y transferencia de tecnolog\u00eda, as\u00ed como tecnificaci\u00f3n y uso eficiente del agua.<\/p>\n","protected":false},"excerpt":{"rendered":"<p>Para tener mexiquenses m\u00e1s productivos, el gobernador Eruviel \u00c1vila Villegas puso en marcha las 10 Acciones para el Campo, en donde inform\u00f3 que este a\u00f1o el presupuesto para el agro estatal ser\u00e1 de 3 mil 400 millones de pesos en beneficio de m\u00e1s de 400 mil campesinos con apoyos como la entrega de maquinaria, fertilizantes, vientres ovinos, semillas mejoradas, entre otros.<\/p>\n","protected":false},"author":3,"featured_media":210315,"comment_status":"open","ping_status":"open","sticky":false,"template":"","format":"standard","meta":{"_monsterinsights_skip_tracking":false,"_monsterinsights_sitenote_active":false,"_monsterinsights_sitenote_note":"","_monsterinsights_sitenote_category":0,"footnotes":""},"categories":[5],"tags":[5828,43675],"class_list":["post-210248","post","type-post","status-publish","format-standard","has-post-thumbnail","hentry","category-estado-de-mexico","tag-eruviel-avila-villegas","tag-estado-de-mexico"],"_links":{"self":[{"href":"https:\/\/www.diarioimagen.net\/index.php?rest_route=\/wp\/v2\/posts\/210248","targetHints":{"allow":["GET"]}}],"collection":[{"href":"https:\/\/www.diarioimagen.net\/index.php?rest_route=\/wp\/v2\/posts"}],"about":[{"href":"https:\/\/www.diarioimagen.net\/index.php?rest_route=\/wp\/v2\/types\/post"}],"author":[{"embeddable":true,"href":"https:\/\/www.diarioimagen.net\/index.php?rest_route=\/wp\/v2\/users\/3"}],"replies":[{"embeddable":true,"href":"https:\/\/www.diarioimagen.net\/index.php?rest_route=%2Fwp%2Fv2%2Fcomments&post=210248"}],"version-history":[{"count":0,"href":"https:\/\/www.diarioimagen.net\/index.php?rest_route=\/wp\/v2\/posts\/210248\/revisions"}],"wp:featuredmedia":[{"embeddable":true,"href":"https:\/\/www.diarioimagen.net\/index.php?rest_route=\/wp\/v2\/media\/210315"}],"wp:attachment":[{"href":"https:\/\/www.diarioimagen.net\/index.php?rest_route=%2Fwp%2Fv2%2Fmedia&parent=210248"}],"wp:term":[{"taxonomy":"category","embeddable":true,"href":"https:\/\/www.diarioimagen.net\/index.php?rest_route=%2Fwp%2Fv2%2Fcategories&post=210248"},{"taxonomy":"post_tag","embeddable":true,"href":"https:\/\/www.diarioimagen.net\/index.php?rest_route=%2Fwp%2Fv2%2Ftags&post=210248"}],"curies":[{"name":"wp","href":"https:\/\/api.w.org\/{rel}","templated":true}]}}