{"id":210250,"date":"2015-03-17T00:13:48","date_gmt":"2015-03-17T06:13:48","guid":{"rendered":"http:\/\/www.diarioimagen.net\/?p=210250"},"modified":"2015-03-17T04:13:05","modified_gmt":"2015-03-17T10:13:05","slug":"politica-social-una-realidad-en-edomex","status":"publish","type":"post","link":"https:\/\/www.diarioimagen.net\/?p=210250","title":{"rendered":"Pol\u00edtica social, una realidad en Edomex"},"content":{"rendered":"<h2>Arco Norte<\/h2>\n<h5>Jos\u00e9 Luis Monta\u00f1ez Aguilar<\/h5>\n<p>&nbsp;<\/p>\n<div id=\"attachment_210319\" style=\"width: 250px\" class=\"wp-caption alignleft\"><a href=\"http:\/\/www.diarioimagen.net\/?attachment_id=210319\" rel=\"attachment wp-att-210319\"><img loading=\"lazy\" decoding=\"async\" aria-describedby=\"caption-attachment-210319\" class=\"size-medium wp-image-210319\" src=\"http:\/\/www.diarioimagen.net\/wp-content\/uploads\/2015\/03\/arco-2571-240x135.jpg\" alt=\"El gobernador del Estado de M\u00e9xico, Eruviel \u00c1vila Villegas, entregando apoyos de Acciones Para la Mujer.\" width=\"240\" height=\"135\" srcset=\"https:\/\/www.diarioimagen.net\/wp-content\/uploads\/2015\/03\/arco-2571-240x135.jpg 240w, https:\/\/www.diarioimagen.net\/wp-content\/uploads\/2015\/03\/arco-2571-420x236.jpg 420w, https:\/\/www.diarioimagen.net\/wp-content\/uploads\/2015\/03\/arco-2571.jpg 480w, https:\/\/www.diarioimagen.net\/wp-content\/uploads\/2015\/03\/arco-2571-235x132.jpg 235w, https:\/\/www.diarioimagen.net\/wp-content\/uploads\/2015\/03\/arco-2571-202x114.jpg 202w, https:\/\/www.diarioimagen.net\/wp-content\/uploads\/2015\/03\/arco-2571-350x196.jpg 350w, https:\/\/www.diarioimagen.net\/wp-content\/uploads\/2015\/03\/arco-2571-220x123.jpg 220w, https:\/\/www.diarioimagen.net\/wp-content\/uploads\/2015\/03\/arco-2571-237x132.jpg 237w\" sizes=\"auto, (max-width: 240px) 100vw, 240px\" \/><\/a><p id=\"caption-attachment-210319\" class=\"wp-caption-text\">El gobernador del Estado de M\u00e9xico, Eruviel \u00c1vila Villegas, entregando apoyos de Acciones Para la Mujer.<\/p><\/div>\n<p>Al entregar apoyos econ\u00f3micos, de salud, becas, kits de herramientas, paquetes alimenticios y la tajeta La Efectiva para adquirir \u00fatiles escolares a m\u00e1s de 10 mil mujeres de 11 municipios del Valle de M\u00e9xico, el gobernador Eruviel \u00c1vila Villegas destac\u00f3 que estos beneficios se logran tambi\u00e9n gracias a la pol\u00edtica social que impulsa el presidente Enrique Pe\u00f1a Nieto. En el marco de las Acciones para la Mujer y ante mujeres de Coyotepec, Cuautitl\u00e1n Izcalli, Huehuetoca, Tepotzotl\u00e1n, Villa del Carb\u00f3n, Isidro Fabela, Atizap\u00e1n de Zaragoza, Huixquilucan Nicol\u00e1s Romero, Naucalpan y Tlalnepantla, entre otros, se\u00f1al\u00f3 que seguir\u00e1 trabajando en educaci\u00f3n, salud, infraestructura y seguridad, para elevar el bienestar social de los habitantes del Estado de M\u00e9xico, principalmente de las mujeres, a quienes hizo un reconocimiento por la labor que realizan y el papel tan importante que juegan, no s\u00f3lo para tener mexiquenses m\u00e1s fuertes, sino para mantener una sociedad cohesionada y arm\u00f3nica. Eruviel \u00c1vila hizo un llamado para que los mexiquenses sigan unidos, trabajando en equipo y haciendo cada quien la parte que les corresponde, tanto las autoridades municipales, estatales, federales y legisladores, desde su trinchera, al igual que las mujeres desde diversos \u00e1mbitos, las escuelas, comedores comunitarios, mercados p\u00fablicos y asociaciones religiosas. Enrique Gonz\u00e1lez Tiburcio, coordinador de asesores de la Secretar\u00eda de Desarrollo Social, y representante de su titular, Rosario Robles Berlanga, afirm\u00f3 que la dependencia federal, conjuntamente con el gobierno del Estado de M\u00e9xico, lleva a cabo acciones de bienestar donde caben todos.<\/p>\n<p><em><a href=\"mailto:montanezaguilar@gmail.com\" target=\"_blank\">montanezaguilar@gmail.com<\/a><\/em><\/p>\n","protected":false},"excerpt":{"rendered":"<p><span style=\"color: #005497;\"><strong>Jos\u00e9 Luis Monta\u00f1ez Aguilar<\/strong><\/span><br \/>\n<br \/>\nAl entregar apoyos econ\u00f3micos, de salud, becas, kits de herramientas, paquetes alimenticios y la tajeta La Efectiva para adquirir \u00fatiles escolares a m\u00e1s de 10 mil mujeres de 11 municipios del Valle de M\u00e9xico, el gobernador Eruviel \u00c1vila Villegas destac\u00f3 que estos beneficios se logran tambi\u00e9n gracias a la pol\u00edtica social que impulsa el presidente Enrique Pe\u00f1a Nieto. <\/p>\n","protected":false},"author":3,"featured_media":210319,"comment_status":"open","ping_status":"open","sticky":false,"template":"","format":"standard","meta":{"_monsterinsights_skip_tracking":false,"_monsterinsights_sitenote_active":false,"_monsterinsights_sitenote_note":"","_monsterinsights_sitenote_category":0,"footnotes":""},"categories":[5],"tags":[13284,43704,43674],"class_list":["post-210250","post","type-post","status-publish","format-standard","has-post-thumbnail","hentry","category-estado-de-mexico","tag-arco-norte","tag-jose-luis-montanez-aguilar","tag-opinion"],"_links":{"self":[{"href":"https:\/\/www.diarioimagen.net\/index.php?rest_route=\/wp\/v2\/posts\/210250","targetHints":{"allow":["GET"]}}],"collection":[{"href":"https:\/\/www.diarioimagen.net\/index.php?rest_route=\/wp\/v2\/posts"}],"about":[{"href":"https:\/\/www.diarioimagen.net\/index.php?rest_route=\/wp\/v2\/types\/post"}],"author":[{"embeddable":true,"href":"https:\/\/www.diarioimagen.net\/index.php?rest_route=\/wp\/v2\/users\/3"}],"replies":[{"embeddable":true,"href":"https:\/\/www.diarioimagen.net\/index.php?rest_route=%2Fwp%2Fv2%2Fcomments&post=210250"}],"version-history":[{"count":0,"href":"https:\/\/www.diarioimagen.net\/index.php?rest_route=\/wp\/v2\/posts\/210250\/revisions"}],"wp:featuredmedia":[{"embeddable":true,"href":"https:\/\/www.diarioimagen.net\/index.php?rest_route=\/wp\/v2\/media\/210319"}],"wp:attachment":[{"href":"https:\/\/www.diarioimagen.net\/index.php?rest_route=%2Fwp%2Fv2%2Fmedia&parent=210250"}],"wp:term":[{"taxonomy":"category","embeddable":true,"href":"https:\/\/www.diarioimagen.net\/index.php?rest_route=%2Fwp%2Fv2%2Fcategories&post=210250"},{"taxonomy":"post_tag","embeddable":true,"href":"https:\/\/www.diarioimagen.net\/index.php?rest_route=%2Fwp%2Fv2%2Ftags&post=210250"}],"curies":[{"name":"wp","href":"https:\/\/api.w.org\/{rel}","templated":true}]}}