{"id":210265,"date":"2015-03-17T00:08:30","date_gmt":"2015-03-17T06:08:30","guid":{"rendered":"http:\/\/www.diarioimagen.net\/?p=210265"},"modified":"2015-03-17T04:13:58","modified_gmt":"2015-03-17T10:13:58","slug":"conacyt-reconoce-la-calidad-y-excelencia-editorial-de-uaem","status":"publish","type":"post","link":"https:\/\/www.diarioimagen.net\/?p=210265","title":{"rendered":"Conacyt reconoce la calidad y excelencia editorial de UAEM"},"content":{"rendered":"<ul>\n<li><strong><em>Investigaci\u00f3n cient\u00edfica y tecnol\u00f3gica<\/em><\/strong><\/li>\n<\/ul>\n<div id=\"attachment_210322\" style=\"width: 250px\" class=\"wp-caption alignleft\"><a href=\"http:\/\/www.diarioimagen.net\/?attachment_id=210322\" rel=\"attachment wp-att-210322\"><img loading=\"lazy\" decoding=\"async\" aria-describedby=\"caption-attachment-210322\" class=\"size-medium wp-image-210322\" src=\"http:\/\/www.diarioimagen.net\/wp-content\/uploads\/2015\/03\/UAEM-2571-240x135.jpg\" alt=\"El rector Jorge Olvera Garc\u00eda se\u00f1al\u00f3 que la Universidad Aut\u00f3noma del Estado de M\u00e9xico es una de las cinco instituciones de educaci\u00f3n superior del pa\u00eds con el mayor n\u00famero de publicaciones adscritas al \u00cdndice de Revistas Mexicanas de Investigaci\u00f3n Cient\u00edfica y Tecnol\u00f3gica, mediante el cual el Consejo Nacional de Ciencia y Tecnolog\u00eda (Conacyt) reconoce la calidad y excelencia editorial de esta casa de estudios.\" width=\"240\" height=\"135\" srcset=\"https:\/\/www.diarioimagen.net\/wp-content\/uploads\/2015\/03\/UAEM-2571-240x135.jpg 240w, https:\/\/www.diarioimagen.net\/wp-content\/uploads\/2015\/03\/UAEM-2571-420x236.jpg 420w, https:\/\/www.diarioimagen.net\/wp-content\/uploads\/2015\/03\/UAEM-2571.jpg 480w, https:\/\/www.diarioimagen.net\/wp-content\/uploads\/2015\/03\/UAEM-2571-235x132.jpg 235w, https:\/\/www.diarioimagen.net\/wp-content\/uploads\/2015\/03\/UAEM-2571-202x114.jpg 202w, https:\/\/www.diarioimagen.net\/wp-content\/uploads\/2015\/03\/UAEM-2571-350x196.jpg 350w, https:\/\/www.diarioimagen.net\/wp-content\/uploads\/2015\/03\/UAEM-2571-220x123.jpg 220w, https:\/\/www.diarioimagen.net\/wp-content\/uploads\/2015\/03\/UAEM-2571-237x132.jpg 237w\" sizes=\"auto, (max-width: 240px) 100vw, 240px\" \/><\/a><p id=\"caption-attachment-210322\" class=\"wp-caption-text\">El rector Jorge Olvera Garc\u00eda se\u00f1al\u00f3 que la Universidad Aut\u00f3noma del Estado de M\u00e9xico es una de las cinco instituciones de educaci\u00f3n superior del pa\u00eds con el mayor n\u00famero de publicaciones adscritas al \u00cdndice de Revistas Mexicanas de Investigaci\u00f3n Cient\u00edfica y Tecnol\u00f3gica, mediante el cual el Consejo Nacional de Ciencia y Tecnolog\u00eda (Conacyt) reconoce la calidad y excelencia editorial de esta casa de estudios.<\/p><\/div>\n<p>La Aut\u00f3noma mexiquense es una de las cinco instituciones de educaci\u00f3n superior del pa\u00eds con el mayor n\u00famero de publicaciones adscritas al \u00cdndice de Revistas Mexicanas de Investigaci\u00f3n Cient\u00edfica y Tecnol\u00f3gica, indic\u00f3 el rector Jorge Olvera Garc\u00eda.<\/p>\n<p>Dio a conocer que recientemente, el consejo inform\u00f3 sobre la integraci\u00f3n a dicho \u00edndice de la revista <em>El Periplo Sustentable<\/em>, editada por la Facultad de Turismo y Gastronom\u00eda.<\/p>\n<p>Subray\u00f3 que desde hace 14 a\u00f1os, la m\u00e1xima casa de estudios mexiquense no hab\u00eda logrado incorporar ninguna publicaci\u00f3n a dicho \u00edndice y ahora, \u201cnos colocamos a la vanguardia nacional en el \u00e1mbito de la edici\u00f3n de publicaciones acad\u00e9micas\u201d.<\/p>\n<p>La Universidad Aut\u00f3noma del Estado de M\u00e9xico es una de las cinco instituciones de educaci\u00f3n superior del pa\u00eds con el mayor n\u00famero de publicaciones adscritas al \u00cdndice de Revistas Mexicanas de Investigaci\u00f3n Cient\u00edfica y Tecnol\u00f3gica, mediante el cual el Consejo Nacional de Ciencia y Tecnolog\u00eda (Conacyt) reconoce la calidad y excelencia editorial de esta casa de estudios, asever\u00f3 el rector Jorge Olvera Garc\u00eda.<\/p>\n<p>Al dar a conocer que recientemente, el consejo inform\u00f3 sobre la integraci\u00f3n a dicho \u00edndice de la revista <em>El Periplo Sustentable<\/em>, editada por la Facultad de Turismo y Gastronom\u00eda -especializada en investigaci\u00f3n relacionada con el turismo y la sustentabilidad-, el rector puntualiz\u00f3 que ya son cinco las publicaciones reconocidas por esta instancia; <em>El Periplo Sustentable<\/em> se suma a <em>Convergencia<\/em> y <em>Papeles de Poblaci\u00f3n<\/em>, reconocidas por el \u00cdndice de Revistas Mexicanas de Investigaci\u00f3n Cient\u00edfica y Tecnol\u00f3gica, y Ciencia Ergo Sum y La Colmena, por el \u00cdndice de Revistas Mexicanas de Divulgaci\u00f3n Cient\u00edfica y Tecnol\u00f3gica.<\/p>\n<p>Subray\u00f3 que desde hace 14 a\u00f1os, la m\u00e1xima casa de estudios mexiquense no hab\u00eda logrado incorporar ninguna publicaci\u00f3n a dicho \u00edndice y ahora, con <em>El Periplo Sustentable<\/em> -primera revista de esta casa de estudios que edit\u00f3 por completo en formato electr\u00f3nico y primera del pa\u00eds en abocarse especialmente a temas relacionados con los estudios de turismo desde una perspectiva sustentable- \u201cnos colocamos a la vanguardia nacional en el \u00e1mbito de la edici\u00f3n de publicaciones acad\u00e9micas\u201d.<\/p>\n<p>Luego de resaltar que la UAEM se coloca entre las instituciones de educaci\u00f3n superior p\u00fablicas que generan materiales editoriales sumamente novedosos, como <em>La Maga<\/em>\u201d colecci\u00f3n de siete novelas policiacas de autores argentinos, publicada recientemente, destac\u00f3 que las revistas reconocidas por el Conacyt se ocupan de publicar el resultado de investigaciones de gran pertinencia social.<\/p>\n","protected":false},"excerpt":{"rendered":"<p>La Aut\u00f3noma mexiquense es una de las cinco instituciones de educaci\u00f3n superior del pa\u00eds con el mayor n\u00famero de publicaciones adscritas al \u00cdndice de Revistas Mexicanas de Investigaci\u00f3n Cient\u00edfica y Tecnol\u00f3gica, indic\u00f3 el rector Jorge Olvera Garc\u00eda.<\/p>\n","protected":false},"author":3,"featured_media":210322,"comment_status":"open","ping_status":"open","sticky":false,"template":"","format":"standard","meta":{"_monsterinsights_skip_tracking":false,"_monsterinsights_sitenote_active":false,"_monsterinsights_sitenote_note":"","_monsterinsights_sitenote_category":0,"footnotes":""},"categories":[5],"tags":[569,43675,27015,1491],"class_list":["post-210265","post","type-post","status-publish","format-standard","has-post-thumbnail","hentry","category-estado-de-mexico","tag-conacyt","tag-estado-de-mexico","tag-jorge-olvera-garcia","tag-uaem"],"_links":{"self":[{"href":"https:\/\/www.diarioimagen.net\/index.php?rest_route=\/wp\/v2\/posts\/210265","targetHints":{"allow":["GET"]}}],"collection":[{"href":"https:\/\/www.diarioimagen.net\/index.php?rest_route=\/wp\/v2\/posts"}],"about":[{"href":"https:\/\/www.diarioimagen.net\/index.php?rest_route=\/wp\/v2\/types\/post"}],"author":[{"embeddable":true,"href":"https:\/\/www.diarioimagen.net\/index.php?rest_route=\/wp\/v2\/users\/3"}],"replies":[{"embeddable":true,"href":"https:\/\/www.diarioimagen.net\/index.php?rest_route=%2Fwp%2Fv2%2Fcomments&post=210265"}],"version-history":[{"count":0,"href":"https:\/\/www.diarioimagen.net\/index.php?rest_route=\/wp\/v2\/posts\/210265\/revisions"}],"wp:featuredmedia":[{"embeddable":true,"href":"https:\/\/www.diarioimagen.net\/index.php?rest_route=\/wp\/v2\/media\/210322"}],"wp:attachment":[{"href":"https:\/\/www.diarioimagen.net\/index.php?rest_route=%2Fwp%2Fv2%2Fmedia&parent=210265"}],"wp:term":[{"taxonomy":"category","embeddable":true,"href":"https:\/\/www.diarioimagen.net\/index.php?rest_route=%2Fwp%2Fv2%2Fcategories&post=210265"},{"taxonomy":"post_tag","embeddable":true,"href":"https:\/\/www.diarioimagen.net\/index.php?rest_route=%2Fwp%2Fv2%2Ftags&post=210265"}],"curies":[{"name":"wp","href":"https:\/\/api.w.org\/{rel}","templated":true}]}}