{"id":210378,"date":"2015-03-18T00:04:03","date_gmt":"2015-03-18T06:04:03","guid":{"rendered":"http:\/\/www.diarioimagen.net\/?p=210378"},"modified":"2015-03-18T05:04:42","modified_gmt":"2015-03-18T11:04:42","slug":"ministros-dan-la-bienvenida-a-eduardo-medina-mora-en-la-scjn","status":"publish","type":"post","link":"https:\/\/www.diarioimagen.net\/?p=210378","title":{"rendered":"Ministros le dan la bienvenida a Eduardo Medina Mora en SCJN"},"content":{"rendered":"<ul>\n<li><strong><em>Qued\u00f3 adscrito a la Segunda Sala<\/em><\/strong><\/li>\n<\/ul>\n<div id=\"attachment_210392\" style=\"width: 250px\" class=\"wp-caption alignleft\"><img loading=\"lazy\" decoding=\"async\" aria-describedby=\"caption-attachment-210392\" class=\"wp-image-210392 size-medium\" src=\"http:\/\/www.diarioimagen.net\/wp-content\/uploads\/2015\/03\/CORTE-PORTAL2-240x135.jpg\" alt=\"Eduardo Medina Mora Icaza ser\u00e1 ministro de la Suprema Corte de Justicia por los pr\u00f3ximos 15 a\u00f1os.\" width=\"240\" height=\"135\" srcset=\"https:\/\/www.diarioimagen.net\/wp-content\/uploads\/2015\/03\/CORTE-PORTAL2-240x135.jpg 240w, https:\/\/www.diarioimagen.net\/wp-content\/uploads\/2015\/03\/CORTE-PORTAL2-420x236.jpg 420w, https:\/\/www.diarioimagen.net\/wp-content\/uploads\/2015\/03\/CORTE-PORTAL2.jpg 480w, https:\/\/www.diarioimagen.net\/wp-content\/uploads\/2015\/03\/CORTE-PORTAL2-235x132.jpg 235w, https:\/\/www.diarioimagen.net\/wp-content\/uploads\/2015\/03\/CORTE-PORTAL2-202x114.jpg 202w, https:\/\/www.diarioimagen.net\/wp-content\/uploads\/2015\/03\/CORTE-PORTAL2-350x196.jpg 350w, https:\/\/www.diarioimagen.net\/wp-content\/uploads\/2015\/03\/CORTE-PORTAL2-220x123.jpg 220w, https:\/\/www.diarioimagen.net\/wp-content\/uploads\/2015\/03\/CORTE-PORTAL2-237x132.jpg 237w\" sizes=\"auto, (max-width: 240px) 100vw, 240px\" \/><p id=\"caption-attachment-210392\" class=\"wp-caption-text\">Eduardo Medina Mora Icaza ser\u00e1 ministro de la Suprema Corte de Justicia por los pr\u00f3ximos 15 a\u00f1os.<\/p><\/div>\n<p>Eduardo Medina Mora asumi\u00f3 como nuevo ministro de la Suprema Corte de Justicia de la Naci\u00f3n (SCJN), quien fue designado a la Segunda Sala, en sustituci\u00f3n del ministro Sergio Valls.<\/p>\n<p>Al ser investido, recibi\u00f3 la advertencia de su hom\u00f3loga, Olga Mar\u00eda del Carmen S\u00e1nchez Cordero, quien resalt\u00f3 que lo recib\u00eda una instituci\u00f3n plural, neutral e independiente, con legitimidad ante los ciudadanos y defensora de los derechos humanos.<\/p>\n<p>Durante el mensaje de bienvenida, la ministra Olga S\u00e1nchez Cordero se\u00f1al\u00f3 que la Suprema Corte de Justicia de la Naci\u00f3n ha sufrido grandes transformaciones los \u00faltimos 20 a\u00f1os y recomend\u00f3 a Medina Mora que al convertirse en juez constitucional, debe defender los derechos humanos de todas las personas.<\/p>\n<p>Es una ceremonia conjunta de plenos, en donde tambi\u00e9n est\u00e1n los integrantes del Consejo de la Judicatura Federal (CJF) y del Tribunal Electoral del Poder Judicial de la Federaci\u00f3n (TEPJF).<\/p>\n<p>Medina Mora Icaza ser\u00e1 ministro de la Corte por los pr\u00f3ximos 15 a\u00f1os, luego de que su nombre fue incluido en una terna con Horacio Hern\u00e1ndez y Felipe Barrera Fuentes, que el presidente Enrique Pe\u00f1a Nieto envi\u00f3 al Senado de la Rep\u00fablica, como propuesta para el cargo.<\/p>\n<p>Por su parte, Medina Mora Icaza, acompa\u00f1ado de su familia agradeci\u00f3 el recibimiento de S\u00e1nchez Cordero y asegur\u00f3 que las palabras de la ministra saliente lo comprometen \u201cpor la profundidad de su significado\u201d.<\/p>\n<p>\u201cLos mexicanos necesitamos tener la confianza de que nuestros derechos, sobre todo los derechos humanos, ser\u00e1n siempre indefectiblemente respetados y protegidos en toda interacci\u00f3n con cualquier autoridad, y que las disputas y promesas rec\u00edprocas que nos hacemos ser\u00e1n siempre resueltas por organismos jurisdiccionales que act\u00faan bajo reglas predecibles y transparentes\u201d, dijo Medina Mora.<\/p>\n<p>Destac\u00f3 que la reforma de 2011 sobre derechos humanos y amparo le ha dado a la Corte herramientas para consolidar el estado de Derecho.<\/p>\n<p>\u201cEl reto para la Corte es mantener y ser la gu\u00eda en un orden jur\u00eddico que se integra en distintas fuentes del derecho, que deben ser operadas con nuevos principios como pro persona, no discriminaci\u00f3n y no regresividad\u201d<\/p>\n<p>El nuevo ministro se dijo dispuesto a \u201cservir el caf\u00e9\u201d a sus colegas, como hacen en la Corte Suprema de Estados Unidos los jueces de nuevo ingreso.<\/p>\n<p>Durante la ceremonia, Medina Mora fue investido con la toga magisterial por el presidente de la Suprema Corte de Justicia de la Naci\u00f3n, Luis Mar\u00eda Aguilar Morales, quien agreg\u00f3 que a partir de ahora, como miembro del m\u00e1ximo tribunal le corresponde vestir al concurrir a las sesiones, entregando as\u00ed la prenda representativa que el Estado mexicano le otorg\u00f3.<\/p>\n<p>Entre otros cargos, el nuevo ministro fue embajador de M\u00e9xico en Estados Unido y el Reino Unido, procurador general de la Rep\u00fablica, secretario de Seguridad P\u00fablica Federal y director general del Centro de Investigaci\u00f3n y Seguridad Nacional (Cisen)<strong>.<\/strong><\/p>\n","protected":false},"excerpt":{"rendered":"<p>Eduardo Medina Mora asumi\u00f3 como nuevo ministro de la Suprema Corte de Justicia de la Naci\u00f3n (SCJN), quien fue designado a la Segunda Sala, en sustituci\u00f3n del ministro Sergio Valls.<\/p>\n","protected":false},"author":5,"featured_media":210392,"comment_status":"open","ping_status":"open","sticky":false,"template":"","format":"standard","meta":{"_monsterinsights_skip_tracking":false,"_monsterinsights_sitenote_active":false,"_monsterinsights_sitenote_note":"","_monsterinsights_sitenote_category":0,"footnotes":""},"categories":[7],"tags":[43673,3558,1584],"class_list":["post-210378","post","type-post","status-publish","format-standard","has-post-thumbnail","hentry","category-seguridad","tag-nacional","tag-sergio-valls-hernandez","tag-suprema-corte-de-justicia-de-la-nacion"],"_links":{"self":[{"href":"https:\/\/www.diarioimagen.net\/index.php?rest_route=\/wp\/v2\/posts\/210378","targetHints":{"allow":["GET"]}}],"collection":[{"href":"https:\/\/www.diarioimagen.net\/index.php?rest_route=\/wp\/v2\/posts"}],"about":[{"href":"https:\/\/www.diarioimagen.net\/index.php?rest_route=\/wp\/v2\/types\/post"}],"author":[{"embeddable":true,"href":"https:\/\/www.diarioimagen.net\/index.php?rest_route=\/wp\/v2\/users\/5"}],"replies":[{"embeddable":true,"href":"https:\/\/www.diarioimagen.net\/index.php?rest_route=%2Fwp%2Fv2%2Fcomments&post=210378"}],"version-history":[{"count":0,"href":"https:\/\/www.diarioimagen.net\/index.php?rest_route=\/wp\/v2\/posts\/210378\/revisions"}],"wp:featuredmedia":[{"embeddable":true,"href":"https:\/\/www.diarioimagen.net\/index.php?rest_route=\/wp\/v2\/media\/210392"}],"wp:attachment":[{"href":"https:\/\/www.diarioimagen.net\/index.php?rest_route=%2Fwp%2Fv2%2Fmedia&parent=210378"}],"wp:term":[{"taxonomy":"category","embeddable":true,"href":"https:\/\/www.diarioimagen.net\/index.php?rest_route=%2Fwp%2Fv2%2Fcategories&post=210378"},{"taxonomy":"post_tag","embeddable":true,"href":"https:\/\/www.diarioimagen.net\/index.php?rest_route=%2Fwp%2Fv2%2Ftags&post=210378"}],"curies":[{"name":"wp","href":"https:\/\/api.w.org\/{rel}","templated":true}]}}