{"id":210430,"date":"2015-03-18T00:06:18","date_gmt":"2015-03-18T06:06:18","guid":{"rendered":"http:\/\/www.diarioimagen.net\/?p=210430"},"modified":"2015-03-19T06:10:28","modified_gmt":"2015-03-19T12:10:28","slug":"la-reforma-educativa-esta-dando-frutos-eruviel-avila","status":"publish","type":"post","link":"https:\/\/www.diarioimagen.net\/?p=210430","title":{"rendered":"La reforma educativa est\u00e1 dando frutos: Eruviel \u00c1vila"},"content":{"rendered":"<ul>\n<li><strong><em>Los docentes se est\u00e1n profesionalizando, los centros escolares son remodelados y se incrementan planteles de tiempo completo<br \/>\n<\/em><\/strong><\/li>\n<\/ul>\n<h6>Redacci\u00f3n<\/h6>\n<p>&nbsp;<\/p>\n<div id=\"attachment_210508\" style=\"width: 250px\" class=\"wp-caption alignleft\"><a href=\"http:\/\/www.diarioimagen.net\/?attachment_id=210508\" rel=\"attachment wp-att-210508\"><img loading=\"lazy\" decoding=\"async\" aria-describedby=\"caption-attachment-210508\" class=\"size-medium wp-image-210508\" src=\"http:\/\/www.diarioimagen.net\/wp-content\/uploads\/2015\/03\/eruviel-2572-240x135.jpg\" alt=\"Eruviel \u00c1vila Villegas hizo un balance de la reforma educativa en la entidad e inform\u00f3 que\u00a0\u00a0m\u00e1s de 10 mil 700 escuelas forman parte del programa de Fortalecimiento de la Calidad en Educaci\u00f3n B\u00e1sica.\" width=\"240\" height=\"135\" srcset=\"https:\/\/www.diarioimagen.net\/wp-content\/uploads\/2015\/03\/eruviel-2572-240x135.jpg 240w, https:\/\/www.diarioimagen.net\/wp-content\/uploads\/2015\/03\/eruviel-2572-420x236.jpg 420w, https:\/\/www.diarioimagen.net\/wp-content\/uploads\/2015\/03\/eruviel-2572.jpg 480w, https:\/\/www.diarioimagen.net\/wp-content\/uploads\/2015\/03\/eruviel-2572-235x132.jpg 235w, https:\/\/www.diarioimagen.net\/wp-content\/uploads\/2015\/03\/eruviel-2572-202x114.jpg 202w, https:\/\/www.diarioimagen.net\/wp-content\/uploads\/2015\/03\/eruviel-2572-350x196.jpg 350w, https:\/\/www.diarioimagen.net\/wp-content\/uploads\/2015\/03\/eruviel-2572-220x123.jpg 220w, https:\/\/www.diarioimagen.net\/wp-content\/uploads\/2015\/03\/eruviel-2572-237x132.jpg 237w\" sizes=\"auto, (max-width: 240px) 100vw, 240px\" \/><\/a><p id=\"caption-attachment-210508\" class=\"wp-caption-text\">Eruviel \u00c1vila Villegas hizo un balance de la reforma educativa en la entidad e inform\u00f3 que\u00a0\u00a0m\u00e1s de 10 mil 700 escuelas forman parte del programa de Fortalecimiento de la Calidad en Educaci\u00f3n B\u00e1sica.<\/p><\/div>\n<p>Al entregar apoyos de las Acciones por la Educaci\u00f3n, el gobernador Eruviel \u00c1vila Villegas destac\u00f3 que la reforma educativa impulsada por el presidente Enrique Pe\u00f1a Nieto, ya est\u00e1 rindiendo sus primeros frutos en beneficio de los alumnos y profesores del Estado de M\u00e9xico, ya que los docentes se est\u00e1n profesionalizando, los centros escolares son remodelados, aumentaron los planteles de tiempo completo y se han entregado m\u00e1s de 300 mil tabletas electr\u00f3nicas a estudiantes de quinto a\u00f1o de primaria.<\/p>\n<p>\u201cEn el Estado de M\u00e9xico la reforma educativa est\u00e1 ya dando frutos, est\u00e1 surtiendo efectos muy positivos. Esta reforma fue la primera que impuls\u00f3 nuestro paisano, el presidente Pe\u00f1a Nieto a nivel nacional, la reforma educativa\u201d afirm\u00f3.<\/p>\n<p>Eruviel \u00c1vila hizo un balance de la reforma educativa en la entidad e inform\u00f3 que\u00a0\u00a0m\u00e1s de 10 mil 700 escuelas forman parte del programa de Fortalecimiento de la Calidad en Educaci\u00f3n B\u00e1sica; mil 170 se adhirieron al programa de Escuelas de Tiempo Completo; m\u00e1s de 80 mil maestros se han actualizado mediante el programa para el Desarrollo Profesional y Docente; m\u00e1s de 8 mil 800\u00a0\u00a0planteles se incluyen en el programa para la Inclusi\u00f3n y Equidad Educativa, y 685 centros escolares est\u00e1n en el programa de Escuelas de Excelencia, mejorando sus condiciones f\u00edsicas y equipamiento.<\/p>\n<p>\u201cAs\u00ed que amiga, amigos, vamos por m\u00e1s. La reforma educativa est\u00e1 dando muy buenos frutos y como bien dec\u00eda hace un momento, quien hizo uso de la palabra, mi amiga Natalia. Claro, Natalia, que estoy sembrando en tierra f\u00e9rtil, claro que estoy sembrando en una tierra que ma\u00f1ana va a dar muchos frutos a ustedes primero, a sus familias, a la sociedad y a todo M\u00e9xico. Por eso, en la educaci\u00f3n, siempre lo he dicho, en la educaci\u00f3n no se gasta, en la educaci\u00f3n, se invierte\u201d, asegur\u00f3.<\/p>\n<p>En el evento donde se dieron cita m\u00e1s de 10 mil alumnos, maestros y padres de familia de Ecatepec, Tec\u00e1mac, Huixquilucan y Naucalpan, el gobernador del Estado de M\u00e9xico entreg\u00f3 becas, laptops, computadoras tiflot\u00e9cnicas, kits deportivos, seguros de vida para jefas de familia, pelucas oncol\u00f3gicas, apoyos para titulaci\u00f3n simplificada, La Efectiva para \u00fatiles escolares, y se aplicaron vacunas contra el virus del papiloma, entre otros.<\/p>\n","protected":false},"excerpt":{"rendered":"<p>Al entregar apoyos de las Acciones por la Educaci\u00f3n, el gobernador Eruviel \u00c1vila Villegas destac\u00f3 que la reforma educativa impulsada por el presidente Enrique Pe\u00f1a Nieto, ya est\u00e1 rindiendo sus primeros frutos en beneficio de los alumnos y profesores del Estado de M\u00e9xico, ya que los docentes se est\u00e1n profesionalizando, los centros escolares son remodelados, aumentaron los planteles de tiempo completo y se han entregado m\u00e1s de 300 mil tabletas electr\u00f3nicas a estudiantes de quinto a\u00f1o de primaria.<\/p>\n","protected":false},"author":3,"featured_media":210508,"comment_status":"open","ping_status":"open","sticky":false,"template":"","format":"standard","meta":{"_monsterinsights_skip_tracking":false,"_monsterinsights_sitenote_active":false,"_monsterinsights_sitenote_note":"","_monsterinsights_sitenote_category":0,"footnotes":""},"categories":[5],"tags":[5828,43675,17052,25687],"class_list":["post-210430","post","type-post","status-publish","format-standard","has-post-thumbnail","hentry","category-estado-de-mexico","tag-eruviel-avila-villegas","tag-estado-de-mexico","tag-frutos","tag-reforma-educativa"],"_links":{"self":[{"href":"https:\/\/www.diarioimagen.net\/index.php?rest_route=\/wp\/v2\/posts\/210430","targetHints":{"allow":["GET"]}}],"collection":[{"href":"https:\/\/www.diarioimagen.net\/index.php?rest_route=\/wp\/v2\/posts"}],"about":[{"href":"https:\/\/www.diarioimagen.net\/index.php?rest_route=\/wp\/v2\/types\/post"}],"author":[{"embeddable":true,"href":"https:\/\/www.diarioimagen.net\/index.php?rest_route=\/wp\/v2\/users\/3"}],"replies":[{"embeddable":true,"href":"https:\/\/www.diarioimagen.net\/index.php?rest_route=%2Fwp%2Fv2%2Fcomments&post=210430"}],"version-history":[{"count":0,"href":"https:\/\/www.diarioimagen.net\/index.php?rest_route=\/wp\/v2\/posts\/210430\/revisions"}],"wp:featuredmedia":[{"embeddable":true,"href":"https:\/\/www.diarioimagen.net\/index.php?rest_route=\/wp\/v2\/media\/210508"}],"wp:attachment":[{"href":"https:\/\/www.diarioimagen.net\/index.php?rest_route=%2Fwp%2Fv2%2Fmedia&parent=210430"}],"wp:term":[{"taxonomy":"category","embeddable":true,"href":"https:\/\/www.diarioimagen.net\/index.php?rest_route=%2Fwp%2Fv2%2Fcategories&post=210430"},{"taxonomy":"post_tag","embeddable":true,"href":"https:\/\/www.diarioimagen.net\/index.php?rest_route=%2Fwp%2Fv2%2Ftags&post=210430"}],"curies":[{"name":"wp","href":"https:\/\/api.w.org\/{rel}","templated":true}]}}