{"id":210434,"date":"2015-03-18T00:01:14","date_gmt":"2015-03-18T06:01:14","guid":{"rendered":"http:\/\/www.diarioimagen.net\/?p=210434"},"modified":"2015-03-18T06:13:21","modified_gmt":"2015-03-18T12:13:21","slug":"inaugura-enrique-beltranena-mostradores-interactivos-en-el-aicm-y-preve-un-crecimiento-entre-32-y-34-en-rutas-internacionales-y-entre-2-y-3-en-destinos-nacionales","status":"publish","type":"post","link":"https:\/\/www.diarioimagen.net\/?p=210434","title":{"rendered":"Inaugura Enrique Beltranena mostradores interactivos en el AICM y prev\u00e9 un crecimiento entre 32 y 34% en rutas internacionales y entre 2 y 3% en destinos nacionales"},"content":{"rendered":"<h2>De cinco estrellas<\/h2>\n<h5>Victoria Gonz\u00e1lez Prado<\/h5>\n<p>&nbsp;<\/p>\n<ul>\n<li><em><strong>Ecuador, sede de la Conferencia Internacional de Ecoturismo y Turismo Sostenible<\/strong><\/em><\/li>\n<li><em><strong>Jos\u00e9 Chapur encabeza frente \u00fanico por Yucat\u00e1n para el Tianguis Tur\u00edstico M\u00e9xico 2016<\/strong><\/em><\/li>\n<li><em><strong>Grupo Aeroportuario del Pac\u00edfico (GAP) report\u00f3 un incremento de 2.8% en su movimiento de pasajeros en febrero pasado<\/strong><\/em><\/li>\n<\/ul>\n<p>&nbsp;<\/p>\n<div id=\"attachment_210546\" style=\"width: 250px\" class=\"wp-caption alignleft\"><a href=\"http:\/\/www.diarioimagen.net\/?attachment_id=210546\" rel=\"attachment wp-att-210546\"><img loading=\"lazy\" decoding=\"async\" aria-describedby=\"caption-attachment-210546\" class=\"size-medium wp-image-210546\" src=\"http:\/\/www.diarioimagen.net\/wp-content\/uploads\/2015\/03\/turismo-2572-240x193.jpg\" alt=\"En la inauguraci\u00f3n de los mostradores interactivos.\" width=\"240\" height=\"193\" srcset=\"https:\/\/www.diarioimagen.net\/wp-content\/uploads\/2015\/03\/turismo-2572-240x193.jpg 240w, https:\/\/www.diarioimagen.net\/wp-content\/uploads\/2015\/03\/turismo-2572-420x338.jpg 420w, https:\/\/www.diarioimagen.net\/wp-content\/uploads\/2015\/03\/turismo-2572.jpg 1200w\" sizes=\"auto, (max-width: 240px) 100vw, 240px\" \/><\/a><p id=\"caption-attachment-210546\" class=\"wp-caption-text\">En la inauguraci\u00f3n de los mostradores interactivos.<\/p><\/div>\n<p>Con la intenci\u00f3n de dar a conocer los nuevos mostradores interactivos de Volaris y al mismo tiempo celebrar el noveno aniversario de la aerol\u00ednea, <strong>Enrique Beltranena<\/strong>, director general, convoc\u00f3 a una reuni\u00f3n en la T1 del Aeropuerto Internacional de la ciudad de M\u00e9xico (AICM).<\/p>\n<p>En su oportunidad asegur\u00f3 que prev\u00e9 un crecimiento cercano al 12% en asientos disponibles, de los cuales entre 32 y 34% ser\u00e1n en sus rutas internacionales, y entre 2 y 3% en sus destinos nacionales.<\/p>\n<p>En comparaci\u00f3n con las otras empresas con las que compite en el pa\u00eds, \u201cya somos la aerol\u00ednea con m\u00e1s rutas dom\u00e9sticas y con m\u00e1s rutas y m\u00e1s destinos a Estados Unidos, adem\u00e1s de que contamos con la flota m\u00e1s joven de Am\u00e9rica.\u201d<\/p>\n<p>El directivo indic\u00f3 que Houston y Nueva York son las ciudades a las cuales van a apostar en esta oferta internacional.<\/p>\n<p>Y asegur\u00f3 que en este a\u00f1o planean abrir en total 34 rutas nacionales e internacionales.<\/p>\n<p>\u201cEsto posicionar\u00e1 a Volaris como la aerol\u00ednea con mayor oferta de destinos \u2018punto a punto\u2019 desde M\u00e9xico hacia Estados Unidos y dentro del pa\u00eds. Para nosotros, dijo, es importante crear nuevas rutas hacia la Uni\u00f3n Americana desde destinos como Tijuana, que ha sido olvidada para la oferta de conexi\u00f3n a\u00e9rea hacia el extranjero.<\/p>\n<p>Por otra parte, <strong>Beltranena<\/strong> anunci\u00f3 la llegada en abril y mayo de dos Airbus A321 que dispondr\u00e1n de 220 asientos, lo cual representar\u00e1 una eficiencia en gastos para la firma y un aumento en la disponibilidad.<\/p>\n<p>\u201cEn los pr\u00f3ximos cinco a\u00f1os se comprar\u00e1n 52 aviones A320 que poco a poco sustituir\u00e1n a los A319 con los que opera la aerol\u00ednea, y se adquirir\u00e1n ocho A321 m\u00e1s.\u201d<\/p>\n<p>De igual forma, dijo que la compa\u00f1\u00eda cada vez tiene m\u00e1s inter\u00e9s en atraer a quienes utilizan el autob\u00fas como medio de transporte y prefieran volar en trayectos que lo ameriten. Queremos que todo mundo vuele a precios accesibles y que salgan del convencionalismo de creer que utilizar avi\u00f3n es elitista.<\/p>\n<p>Luego de inaugurar los mostradores interactivos destac\u00f3 la importancia de brindar a los usuarios la obtenci\u00f3n del pase de abordar y la documentaci\u00f3n de equipaje de forma sencilla y reconoci\u00f3 que hay una reducci\u00f3n de tiempo del 75%, muy conservadora. Con los mostradores interactivos pasan alrededor de 20 pasajeros por minuto.<\/p>\n<p>Actualmente, la compa\u00f1\u00eda tiene una flota de 51 aviones, posee 132 rutas, oferta 57 ciudades, viaja a 38 ciudades dom\u00e9sticas y 19 ciudades internacionales.<\/p>\n<p>La empresa tiene una penetraci\u00f3n de 26% en el mercado nacional y 3% en el internacional.<\/p>\n<p>Para continuar el crecimiento en el n\u00famero de pasajeros e innovar en sus servicios, la aerol\u00ednea prepara para este a\u00f1o el lanzamiento de nuevos mostradores en los aeropuertos, para flexibilizar los procesos de abordaje y documentaci\u00f3n de los clientes, por lo que la compa\u00f1\u00eda se encuentra en espera de la certificaci\u00f3n de las autoridades aeroportuarias.<\/p>\n<p>En mayo pr\u00f3ximo, la compa\u00f1\u00eda alcanzar\u00e1 los 50 millones de pasajeros transportados en nueve a\u00f1os, y la empresa tuvo ingresos por m\u00e1s de mil millones de d\u00f3lares (mdd).<\/p>\n<p>\u2730\u2730\u2730\u2730\u2730<b><\/b>\u00a0La Conferencia Internacional de Ecoturismo y Turismo Sostenible 2015, que se desarrollar\u00e1 en Quito, la capital ecuatoriana, \u00a0del 27 al 30 de abril en el Centro Cultural Itchimb\u00eda, anunci\u00f3 el Ministerio de Turismo de Ecuador.<\/p>\n<p><em>Ecotourism and Sustainable Tourism Conference<\/em> (ESTC15), es un espacio de aprendizaje, debate, interacci\u00f3n y <em>networking<\/em> con expertos internacionales y la industria tur\u00edstica en Ecoturismo y Turismo Sostenible, que contribuye al posicionamiento de Ecuador como un lugar biodiverso comprometido con la conservaci\u00f3n del medio ambiente y una oferta tur\u00edstica de calidad.<\/p>\n<p>El objetivo de este encuentro internacional que reunir\u00e1 a alrededor de 600 profesionales extranjeros y nacionales de la industria tur\u00edstica de m\u00e1s de 50 pa\u00edses, es producir ideas innovadoras y soluciones que inspiren a reforzar el rol del turismo en la construcci\u00f3n de un futuro m\u00e1s sostenible.<\/p>\n<p>El tema principal de la\u00a0conferencia\u00a0ser\u00e1: \u2018El futuro que queremos: llevar a un cambio positivo a trav\u00e9s del ecoturismo\u2019.<\/p>\n<p>El encuentro est\u00e1 organizado por el Ministerio junto con la Sociedad Internacional de Ecoturismo (<em>The International Ecotourism Society, TIES<\/em>), como uno de los encuentros que se enmarca en la Estrategia de Excelencia Tur\u00edstica de esta Cartera de Estado, pues brinda una oportunidad \u00fanica para exhibir al pa\u00eds anfitri\u00f3n sus bondades para el desarrollo del turismo de naturaleza y ecoturismo ante los l\u00edderes de la industria tur\u00edstica mundial.<\/p>\n<p>\u2730\u2730\u2730\u2730\u2730<b><\/b>\u00a0<strong>Jos\u00e9 Chapur Zahoul<\/strong>, presidente de la Canaco M\u00e9rida, pidi\u00f3 a los vicepresidentes de las c\u00e1maras de comercio de Campeche, Quintana Roo, Tabasco y Chiapas unir esfuerzos para que el Mundo Maya sea el gran destino en el Tianguis Tur\u00edstico de M\u00e9xico 2016, de obtener la capital de Yucat\u00e1n la sede.\u00a0\u00a0 Esto a pesar de que el hotel Moon Palace, propiedad de <strong>Chapur Zahoul<\/strong> ser\u00eda sede del TTM 2016 si Canc\u00fan ganara la organizaci\u00f3n del evento.<\/p>\n<p>En una reuni\u00f3n realizada en la capital yucateca, con diversos representantes de c\u00e1maras de Comercio, Servicios y Turismo de la regi\u00f3n sureste del pa\u00eds, los representantes cerraron filas apoyando a M\u00e9rida, para que sea la candidata m\u00e1s fuerte como sede para realizar la edici\u00f3n 2016 del Tianguis Tur\u00edstico M\u00e9xico, al competir con las ciudades de Guadalajara, Le\u00f3n y Canc\u00fan.<\/p>\n<p>Los asistentes aceptaron por unanimidad la propuesta y acordaron darle el respaldo a M\u00e9rida y lanzar una promoci\u00f3n conjunta en donde se d\u00e9 a conocer las principales ciudades tur\u00edsticas que integran la regi\u00f3n, para mostrar que todos los estados son complementos del destino.<\/p>\n<p>El Diario de Yucat\u00e1n, rese\u00f1a que <strong>Jos\u00e9 Chapur<\/strong> exhort\u00f3 a los empresarios no desperdiciar la promoci\u00f3n que se hace de los 83 pueblos m\u00e1gicos del pa\u00eds, entre los que se encuentran dos de Yucat\u00e1n, Izamal y Valladolid, pues el Consejo de Promoci\u00f3n Tur\u00edstica de M\u00e9xico anunci\u00f3 para los pr\u00f3ximos cuatro a\u00f1os para ese rubro cuatro mil millones de pesos, por lo que hay que ver la manera de c\u00f3mo aplicar esos recursos.<\/p>\n<p>Adem\u00e1s, dijo, los pueblos m\u00e1gicos deben hacer l\u00edneas de acci\u00f3n para tener fachadas limpias, servicio de hoteles que est\u00e9n libres de ambulantes, y para ello deben buscar el apoyo de la Federaci\u00f3n y reactivar otros aspectos desaprovechados como algunos aeropuertos en diferentes ciudades que est\u00e1n desaprovechados, los cuales pueden ser importantes eslabones para la vinculaci\u00f3n del Mundo Maya, a trav\u00e9s de la conectividad a\u00e9rea, la promoci\u00f3n y publicidad al exterior.<\/p>\n<p>\u2730\u2730\u2730\u2730\u2730<b><\/b>\u00a0Grupo Aeroportuario del Pac\u00edfico (GAP) report\u00f3 un incremento de 2.8 por ciento en su movimiento de pasajeros en febrero pasado comprado con el mismo periodo de 2014.<\/p>\n<p>En un comunicado enviado a la Bolsa Mexicana de Valores (BMV), detalla que el incremento se origin\u00f3 por el tr\u00e1fico en siete de sus 12 aeropuertos, de los cuales Los Mochis, Aguascalientes y Manzanillo fueron los que m\u00e1s crecieron con 26.1, 10.6 y 6.7 por ciento, respectivamente.<\/p>\n<p>Precisa que el movimiento de pasajeros a nivel nacional creci\u00f3 3.0 por ciento, mientras que el flujo internacional fue de 2.6% El grupo aeroportuario destaca que en febrero iniciaron con la ruta Toronto-Los Cabos con <em>AirTransat <\/em>y Tijuana\u2013Acapulco con Interjet.<\/p>\n<p>Subraya que el incremento se debi\u00f3 a que en el aeropuerto de Tijuana se reajust\u00f3 la capacidad de asientos ofertados, aunque para el segundo semestre del a\u00f1o, el flujo de pasajeros recuperar\u00e1 sus vol\u00famenes habituales.<\/p>\n<p>Tambi\u00e9n refiere que en Los Cabos, pese a la recuperaci\u00f3n parcial de la oferta hotelera en el destino y la oferta de asientos por parte de las aerol\u00edneas, el tr\u00e1fico de pasajeros tuvo un decremento pues el a\u00f1o inmediato anterior present\u00f3 un r\u00e9cord en t\u00e9rminos de tr\u00e1fico de pasajeros.<\/p>\n<p>De igual manera, explica que el alza de 17.4 por ciento en el aeropuerto de Guanajuato se debi\u00f3 a que la zona del Baj\u00edo contin\u00faa con un crecimiento industrial sostenido, ayudado en gran parte por aerol\u00edneas como Delta, Volaris e Interjet.<\/p>\n<p><em><i><a href=\"mailto:victoriagprado@gmail.com\" target=\"_blank\">victoriagprado@gmail.com<\/a><\/i><\/em><\/p>\n","protected":false},"excerpt":{"rendered":"<p>Con la intenci\u00f3n de dar a conocer los nuevos mostradores interactivos de Volaris y al mismo tiempo celebrar el noveno aniversario de la aerol\u00ednea, <strong>Enrique Beltranena<\/strong>, director general, convoc\u00f3 a una reuni\u00f3n en la T1 del Aeropuerto Internacional de la ciudad de M\u00e9xico (AICM).<\/p>\n","protected":false},"author":3,"featured_media":210546,"comment_status":"open","ping_status":"open","sticky":false,"template":"","format":"standard","meta":{"_monsterinsights_skip_tracking":false,"_monsterinsights_sitenote_active":false,"_monsterinsights_sitenote_note":"","_monsterinsights_sitenote_category":0,"footnotes":""},"categories":[11],"tags":[107,43681,106],"class_list":["post-210434","post","type-post","status-publish","format-standard","has-post-thumbnail","hentry","category-turismo","tag-de-cinco-estrellas","tag-turismo","tag-victoria-gonzalez-prado"],"_links":{"self":[{"href":"https:\/\/www.diarioimagen.net\/index.php?rest_route=\/wp\/v2\/posts\/210434","targetHints":{"allow":["GET"]}}],"collection":[{"href":"https:\/\/www.diarioimagen.net\/index.php?rest_route=\/wp\/v2\/posts"}],"about":[{"href":"https:\/\/www.diarioimagen.net\/index.php?rest_route=\/wp\/v2\/types\/post"}],"author":[{"embeddable":true,"href":"https:\/\/www.diarioimagen.net\/index.php?rest_route=\/wp\/v2\/users\/3"}],"replies":[{"embeddable":true,"href":"https:\/\/www.diarioimagen.net\/index.php?rest_route=%2Fwp%2Fv2%2Fcomments&post=210434"}],"version-history":[{"count":0,"href":"https:\/\/www.diarioimagen.net\/index.php?rest_route=\/wp\/v2\/posts\/210434\/revisions"}],"wp:featuredmedia":[{"embeddable":true,"href":"https:\/\/www.diarioimagen.net\/index.php?rest_route=\/wp\/v2\/media\/210546"}],"wp:attachment":[{"href":"https:\/\/www.diarioimagen.net\/index.php?rest_route=%2Fwp%2Fv2%2Fmedia&parent=210434"}],"wp:term":[{"taxonomy":"category","embeddable":true,"href":"https:\/\/www.diarioimagen.net\/index.php?rest_route=%2Fwp%2Fv2%2Fcategories&post=210434"},{"taxonomy":"post_tag","embeddable":true,"href":"https:\/\/www.diarioimagen.net\/index.php?rest_route=%2Fwp%2Fv2%2Ftags&post=210434"}],"curies":[{"name":"wp","href":"https:\/\/api.w.org\/{rel}","templated":true}]}}