{"id":210499,"date":"2015-03-18T00:08:44","date_gmt":"2015-03-18T06:08:44","guid":{"rendered":"http:\/\/www.diarioimagen.net\/?p=210499"},"modified":"2015-03-18T05:24:39","modified_gmt":"2015-03-18T11:24:39","slug":"prepara-naucalpan-carrera-para-celebrar-el-dia-mundial-del-agua","status":"publish","type":"post","link":"https:\/\/www.diarioimagen.net\/?p=210499","title":{"rendered":"Prepara Naucalpan carrera para celebrar el D\u00eda Mundial del Agua"},"content":{"rendered":"<p><strong><a href=\"http:\/\/www.diarioimagen.net\/?attachment_id=210515\" rel=\"attachment wp-att-210515\"><img loading=\"lazy\" decoding=\"async\" class=\"alignleft size-medium wp-image-210515\" src=\"http:\/\/www.diarioimagen.net\/wp-content\/uploads\/2015\/03\/NAUCALPAN-2572-240x135.jpg\" alt=\"NAUCALPAN-2572\" width=\"240\" height=\"135\" srcset=\"https:\/\/www.diarioimagen.net\/wp-content\/uploads\/2015\/03\/NAUCALPAN-2572-240x135.jpg 240w, https:\/\/www.diarioimagen.net\/wp-content\/uploads\/2015\/03\/NAUCALPAN-2572-420x236.jpg 420w, https:\/\/www.diarioimagen.net\/wp-content\/uploads\/2015\/03\/NAUCALPAN-2572.jpg 480w, https:\/\/www.diarioimagen.net\/wp-content\/uploads\/2015\/03\/NAUCALPAN-2572-235x132.jpg 235w, https:\/\/www.diarioimagen.net\/wp-content\/uploads\/2015\/03\/NAUCALPAN-2572-202x114.jpg 202w, https:\/\/www.diarioimagen.net\/wp-content\/uploads\/2015\/03\/NAUCALPAN-2572-350x196.jpg 350w, https:\/\/www.diarioimagen.net\/wp-content\/uploads\/2015\/03\/NAUCALPAN-2572-220x123.jpg 220w, https:\/\/www.diarioimagen.net\/wp-content\/uploads\/2015\/03\/NAUCALPAN-2572-237x132.jpg 237w\" sizes=\"auto, (max-width: 240px) 100vw, 240px\" \/><\/a>Naucalpan, Estado de M\u00e9xico.- <\/strong>Con la participaci\u00f3n de m\u00e1s de mil 800 ni\u00f1as y ni\u00f1os naucalpenses, el gobierno municipal celebrar\u00e1 el D\u00eda Mundial del Agua con la Tercera Carrera Atl\u00e9tica, el pr\u00f3ximo 22 de marzo, donde tambi\u00e9n por tercer a\u00f1o consecutivo se tomar\u00e1 protesta a cerca de 8 mil\u00a0 Minivigilantes del Agua.<\/p>\n","protected":false},"excerpt":{"rendered":"<p>Con la participaci\u00f3n de m\u00e1s de mil 800 ni\u00f1as y ni\u00f1os naucalpenses, el gobierno municipal celebrar\u00e1 el D\u00eda Mundial del Agua con la Tercera Carrera Atl\u00e9tica, el pr\u00f3ximo 22 de marzo, donde tambi\u00e9n por tercer a\u00f1o consecutivo se tomar\u00e1 protesta a cerca de 8 mil  Minivigilantes del Agua.<\/p>\n","protected":false},"author":3,"featured_media":210515,"comment_status":"open","ping_status":"open","sticky":false,"template":"","format":"standard","meta":{"_monsterinsights_skip_tracking":false,"_monsterinsights_sitenote_active":false,"_monsterinsights_sitenote_note":"","_monsterinsights_sitenote_category":0,"footnotes":""},"categories":[5],"tags":[4162,43675,970],"class_list":["post-210499","post","type-post","status-publish","format-standard","has-post-thumbnail","hentry","category-estado-de-mexico","tag-dia-mundial-del-agua","tag-estado-de-mexico","tag-naucalpan"],"_links":{"self":[{"href":"https:\/\/www.diarioimagen.net\/index.php?rest_route=\/wp\/v2\/posts\/210499","targetHints":{"allow":["GET"]}}],"collection":[{"href":"https:\/\/www.diarioimagen.net\/index.php?rest_route=\/wp\/v2\/posts"}],"about":[{"href":"https:\/\/www.diarioimagen.net\/index.php?rest_route=\/wp\/v2\/types\/post"}],"author":[{"embeddable":true,"href":"https:\/\/www.diarioimagen.net\/index.php?rest_route=\/wp\/v2\/users\/3"}],"replies":[{"embeddable":true,"href":"https:\/\/www.diarioimagen.net\/index.php?rest_route=%2Fwp%2Fv2%2Fcomments&post=210499"}],"version-history":[{"count":0,"href":"https:\/\/www.diarioimagen.net\/index.php?rest_route=\/wp\/v2\/posts\/210499\/revisions"}],"wp:featuredmedia":[{"embeddable":true,"href":"https:\/\/www.diarioimagen.net\/index.php?rest_route=\/wp\/v2\/media\/210515"}],"wp:attachment":[{"href":"https:\/\/www.diarioimagen.net\/index.php?rest_route=%2Fwp%2Fv2%2Fmedia&parent=210499"}],"wp:term":[{"taxonomy":"category","embeddable":true,"href":"https:\/\/www.diarioimagen.net\/index.php?rest_route=%2Fwp%2Fv2%2Fcategories&post=210499"},{"taxonomy":"post_tag","embeddable":true,"href":"https:\/\/www.diarioimagen.net\/index.php?rest_route=%2Fwp%2Fv2%2Ftags&post=210499"}],"curies":[{"name":"wp","href":"https:\/\/api.w.org\/{rel}","templated":true}]}}