{"id":210576,"date":"2015-03-18T21:10:48","date_gmt":"2015-03-19T03:10:48","guid":{"rendered":"http:\/\/www.diarioimagen.net\/?p=210576"},"modified":"2015-03-19T06:10:57","modified_gmt":"2015-03-19T12:10:57","slug":"india-martinez-se-presentara-en-el-centro-cultural-espana","status":"publish","type":"post","link":"https:\/\/www.diarioimagen.net\/?p=210576","title":{"rendered":"India Mart\u00ednez  se presentar\u00e1 en el Centro Cultural Espa\u00f1a"},"content":{"rendered":"<ul>\n<li><strong><em>La entrada al evento ser\u00e1 libre y se realizar\u00e1 el 24 de marzo<\/em><\/strong><\/li>\n<\/ul>\n<div id=\"attachment_210577\" style=\"width: 250px\" class=\"wp-caption alignleft\"><img loading=\"lazy\" decoding=\"async\" aria-describedby=\"caption-attachment-210577\" class=\"size-medium wp-image-210577\" src=\"http:\/\/www.diarioimagen.net\/wp-content\/uploads\/2015\/03\/india-martinez-PORTAL-240x135.jpg\" alt=\"India Mart\u00ednez, Rulo y la Contrabanda, y Los Nastys, alternar\u00e1n actuaci\u00f3n  sobre el escenario del Centro Cultural Espa\u00f1a. \" width=\"240\" height=\"135\" srcset=\"https:\/\/www.diarioimagen.net\/wp-content\/uploads\/2015\/03\/india-martinez-PORTAL-240x135.jpg 240w, https:\/\/www.diarioimagen.net\/wp-content\/uploads\/2015\/03\/india-martinez-PORTAL-420x236.jpg 420w, https:\/\/www.diarioimagen.net\/wp-content\/uploads\/2015\/03\/india-martinez-PORTAL.jpg 480w, https:\/\/www.diarioimagen.net\/wp-content\/uploads\/2015\/03\/india-martinez-PORTAL-235x132.jpg 235w, https:\/\/www.diarioimagen.net\/wp-content\/uploads\/2015\/03\/india-martinez-PORTAL-202x114.jpg 202w, https:\/\/www.diarioimagen.net\/wp-content\/uploads\/2015\/03\/india-martinez-PORTAL-350x196.jpg 350w, https:\/\/www.diarioimagen.net\/wp-content\/uploads\/2015\/03\/india-martinez-PORTAL-220x123.jpg 220w, https:\/\/www.diarioimagen.net\/wp-content\/uploads\/2015\/03\/india-martinez-PORTAL-237x132.jpg 237w\" sizes=\"auto, (max-width: 240px) 100vw, 240px\" \/><p id=\"caption-attachment-210577\" class=\"wp-caption-text\">India Mart\u00ednez, Rulo y la Contrabanda, y Los Nastys, alternar\u00e1n actuaci\u00f3n sobre el escenario del Centro Cultural Espa\u00f1a.<\/p><\/div>\n<p>El pr\u00f3ximo martes 24 de marzo, PROMUSICAE (Productores de m\u00fasica de Espa\u00f1a) traer\u00e1 a nuestro pa\u00eds una selecci\u00f3n especial de distintos estilos musicales del viejo continente, en la que a manera de showcase, <strong>\u00a0<\/strong>India Mart\u00ednez, Rulo y la Contrabanda, y Los Nastys, alternar\u00e1n actuaci\u00f3n\u00a0 sobre el escenario del Centro Cultural Espa\u00f1a.<\/p>\n<p>PROMUSICAE es la principal asociaci\u00f3n de compa\u00f1\u00edas discogr\u00e1ficas en Espa\u00f1a,\u00a0 dedicada a dar a conocer lo mejor de la m\u00fasica espa\u00f1ola a nivel internacional, en especial en Am\u00e9rica Latina. En ediciones anteriores, y con apoyo de la Embajada de Espa\u00f1a en M\u00e9xico, ha contado con la participaci\u00f3n de artistas como Love of Lesbian, Russian Red, Kiko Veneno, Lori Meyers, Annie B. Sweet, por mencionar algunos.<\/p>\n<p>Ahora, con un lineup dise\u00f1ado para todos los gustos y todas las edades, el talento invitado ofrecer\u00e1 una probada de su m\u00fasica durante 45 minutos.<\/p>\n<p>La entrada al evento ser\u00e1 libre, y las puertas se abrir\u00e1n a partir de las 18:00 horas. No te pierdas la oportunidad de vivir una experiencia \u00fanica y de conocer lo que Espa\u00f1a y PROMUSICAE tienen para ti.<\/p>\n<p><strong>Fecha: 24 de marzo<\/strong><\/p>\n<p><strong>Centro Cultural Espa\u00f1a<\/strong><\/p>\n<p><strong>Direcci\u00f3n: Rep\u00fablica de Guatemala 18, Centro<\/strong><\/p>\n<p><strong>Entrada libre.<\/strong><\/p>\n","protected":false},"excerpt":{"rendered":"<p>El pr\u00f3ximo martes 24 de marzo, PROMUSICAE (Productores de m\u00fasica de Espa\u00f1a) traer\u00e1 a nuestro pa\u00eds una selecci\u00f3n especial de distintos estilos musicales del viejo continente, en la que a manera de showcase,  India Mart\u00ednez, Rulo y la Contrabanda, y Los Nastys, alternar\u00e1n actuaci\u00f3n  sobre el escenario del Centro Cultural Espa\u00f1a.<\/p>\n","protected":false},"author":5,"featured_media":210577,"comment_status":"open","ping_status":"open","sticky":false,"template":"","format":"standard","meta":{"_monsterinsights_skip_tracking":false,"_monsterinsights_sitenote_active":false,"_monsterinsights_sitenote_note":"","_monsterinsights_sitenote_category":0,"footnotes":""},"categories":[17,12],"tags":[],"class_list":["post-210576","post","type-post","status-publish","format-standard","has-post-thumbnail","hentry","category-especiales","category-espectaculos"],"_links":{"self":[{"href":"https:\/\/www.diarioimagen.net\/index.php?rest_route=\/wp\/v2\/posts\/210576","targetHints":{"allow":["GET"]}}],"collection":[{"href":"https:\/\/www.diarioimagen.net\/index.php?rest_route=\/wp\/v2\/posts"}],"about":[{"href":"https:\/\/www.diarioimagen.net\/index.php?rest_route=\/wp\/v2\/types\/post"}],"author":[{"embeddable":true,"href":"https:\/\/www.diarioimagen.net\/index.php?rest_route=\/wp\/v2\/users\/5"}],"replies":[{"embeddable":true,"href":"https:\/\/www.diarioimagen.net\/index.php?rest_route=%2Fwp%2Fv2%2Fcomments&post=210576"}],"version-history":[{"count":0,"href":"https:\/\/www.diarioimagen.net\/index.php?rest_route=\/wp\/v2\/posts\/210576\/revisions"}],"wp:featuredmedia":[{"embeddable":true,"href":"https:\/\/www.diarioimagen.net\/index.php?rest_route=\/wp\/v2\/media\/210577"}],"wp:attachment":[{"href":"https:\/\/www.diarioimagen.net\/index.php?rest_route=%2Fwp%2Fv2%2Fmedia&parent=210576"}],"wp:term":[{"taxonomy":"category","embeddable":true,"href":"https:\/\/www.diarioimagen.net\/index.php?rest_route=%2Fwp%2Fv2%2Fcategories&post=210576"},{"taxonomy":"post_tag","embeddable":true,"href":"https:\/\/www.diarioimagen.net\/index.php?rest_route=%2Fwp%2Fv2%2Ftags&post=210576"}],"curies":[{"name":"wp","href":"https:\/\/api.w.org\/{rel}","templated":true}]}}