{"id":210579,"date":"2015-03-18T21:12:31","date_gmt":"2015-03-19T03:12:31","guid":{"rendered":"http:\/\/www.diarioimagen.net\/?p=210579"},"modified":"2015-03-19T06:11:03","modified_gmt":"2015-03-19T12:11:03","slug":"que-esperas-el-nuevo-album-de-coti","status":"publish","type":"post","link":"https:\/\/www.diarioimagen.net\/?p=210579","title":{"rendered":"\u201cQu\u00e9 esperas\u201d, el nuevo \u00e1lbum de Coti"},"content":{"rendered":"<ul>\n<li><strong><em>En este disco, el argentino se luce como uno de los artistas m\u00e1s destacados de la m\u00fasica popular actual de habla hispana<\/em><\/strong><\/li>\n<\/ul>\n<div id=\"attachment_210580\" style=\"width: 250px\" class=\"wp-caption alignleft\"><img loading=\"lazy\" decoding=\"async\" aria-describedby=\"caption-attachment-210580\" class=\"size-medium wp-image-210580\" src=\"http:\/\/www.diarioimagen.net\/wp-content\/uploads\/2015\/03\/coti-PORTAL-240x135.jpg\" alt=\"Cantante, compositor, productor, arreglador y multi-instrumentista. Dif\u00edcilmente un m\u00fasico re\u00fane todas estas condiciones, sin embargo, Coti s\u00ed lo hace y se destaca en cada una de estas aptitudes.\" width=\"240\" height=\"135\" srcset=\"https:\/\/www.diarioimagen.net\/wp-content\/uploads\/2015\/03\/coti-PORTAL-240x135.jpg 240w, https:\/\/www.diarioimagen.net\/wp-content\/uploads\/2015\/03\/coti-PORTAL-420x236.jpg 420w, https:\/\/www.diarioimagen.net\/wp-content\/uploads\/2015\/03\/coti-PORTAL.jpg 480w, https:\/\/www.diarioimagen.net\/wp-content\/uploads\/2015\/03\/coti-PORTAL-235x132.jpg 235w, https:\/\/www.diarioimagen.net\/wp-content\/uploads\/2015\/03\/coti-PORTAL-202x114.jpg 202w, https:\/\/www.diarioimagen.net\/wp-content\/uploads\/2015\/03\/coti-PORTAL-350x196.jpg 350w, https:\/\/www.diarioimagen.net\/wp-content\/uploads\/2015\/03\/coti-PORTAL-220x123.jpg 220w, https:\/\/www.diarioimagen.net\/wp-content\/uploads\/2015\/03\/coti-PORTAL-237x132.jpg 237w\" sizes=\"auto, (max-width: 240px) 100vw, 240px\" \/><p id=\"caption-attachment-210580\" class=\"wp-caption-text\">Cantante, compositor, productor, arreglador y multi-instrumentista. Dif\u00edcilmente un m\u00fasico re\u00fane todas estas condiciones, sin embargo, Coti s\u00ed lo hace y se destaca en cada una de estas aptitudes.<\/p><\/div>\n<p>\u201cQu\u00e9 esperas\u201d me parec\u00eda una pregunta movilizadora, un poco picar al otro: qu\u00e9 est\u00e1s esperando del disco, de m\u00ed, qu\u00e9 est\u00e1s esperando que te d\u00e9 en estas canciones \u00bfQu\u00e9 est\u00e1s esperando? Es hacer part\u00edcipe tambi\u00e9n a la otra persona, as\u00ed define el t\u00edtulo del disco Coti Sorokin.<\/p>\n<p>\u00c9l es cantante, compositor, productor, arreglador y multi-instrumentista. Dif\u00edcilmente un m\u00fasico re\u00fane todas estas condiciones, sin embargo, Coti s\u00ed lo hace y se destaca en cada una de estas aptitudes, lo que le da un car\u00e1cter de artista integral que se trasluce en las canciones que conforman su nuevo y s\u00e9ptimo lanzamiento en su carrera.<\/p>\n<p>El disco fue grabado desde fines de 2013 a principios de 2014 en Romaphonic, ex Circo Beat y construido por Fito P\u00e1ez, un estudio muy importante para Coti porque es donde se resume mucho de lo que hizo en la m\u00fasica: all\u00ed grab\u00f3 con Andr\u00e9s Calamaro gran parte de \u201cHonestidad Brutal\u201d; tambi\u00e9n registr\u00f3 y produjo su segundo disco: \u201cCanciones para llevar\u201d (2004) y realiz\u00f3 la producci\u00f3n del \u00e1lbum \u201cTurf show\u201d (2001) de la banda argentina Turf. \u201cTengo muchos recuerdos en este estudio, por eso lo eleg\u00ed: por esa parte emocional y por la parte t\u00e9cnica que es una maravilla. La sala suena hermosa y se puede grabar con muchos m\u00fasicos a la vez y me pareci\u00f3 el mejor lugar para hacerlo\u201d, confiesa.<\/p>\n<p>A trav\u00e9s de los 14 temas que conforman este disco se logra admirar con claridad su inagotable caudal creativo. Porque es un \u00e1lbum que sorprende por sus letras -siempre inspiradas-, su picard\u00eda, los arreglos inesperados, y una sonoridad que lleva el sello de la calidad de un artista que siempre trabaja el detalle en encontrar lo mejor de s\u00ed mismo para dar.<\/p>\n<p>El disco transcurre a trav\u00e9s de un hilo narrativo entre genuinas emociones que nos a\u00fanan a todos, y as\u00ed toma la forma de un \u00e1lbum urbano gracias a los temas que musicalizan a la perfecci\u00f3n nuestro paso por cualquier asfalto de este mundo, revalorizando el concepto de la nueva m\u00fasica ciudadana.<\/p>\n<p>\u201cLas im\u00e1genes callejeras a m\u00ed me fascinan y son parte de mis letras constantemente.\u00a0 La ciudad es el escenario recurrente de mis canciones, nombro a Buenos Aires, a Madrid en muchos temas, muchos discos\u201d.<\/p>\n<p>En \u201cQu\u00e9 esperas\u201d Coti Sorokin se luce como uno de los artistas m\u00e1s destacados de la m\u00fasica popular actual de habla hispana<\/p>\n","protected":false},"excerpt":{"rendered":"<p>\u201cQu\u00e9 esperas\u201d me parec\u00eda una pregunta movilizadora, un poco picar al otro: qu\u00e9 est\u00e1s esperando del disco, de m\u00ed, qu\u00e9 est\u00e1s esperando que te d\u00e9 en estas canciones \u00bfQu\u00e9 est\u00e1s esperando? Es hacer part\u00edcipe tambi\u00e9n a la otra persona, as\u00ed define el t\u00edtulo del disco Coti Sorokin.<\/p>\n","protected":false},"author":5,"featured_media":210580,"comment_status":"open","ping_status":"open","sticky":false,"template":"","format":"standard","meta":{"_monsterinsights_skip_tracking":false,"_monsterinsights_sitenote_active":false,"_monsterinsights_sitenote_note":"","_monsterinsights_sitenote_category":0,"footnotes":""},"categories":[17,12],"tags":[],"class_list":["post-210579","post","type-post","status-publish","format-standard","has-post-thumbnail","hentry","category-especiales","category-espectaculos"],"_links":{"self":[{"href":"https:\/\/www.diarioimagen.net\/index.php?rest_route=\/wp\/v2\/posts\/210579","targetHints":{"allow":["GET"]}}],"collection":[{"href":"https:\/\/www.diarioimagen.net\/index.php?rest_route=\/wp\/v2\/posts"}],"about":[{"href":"https:\/\/www.diarioimagen.net\/index.php?rest_route=\/wp\/v2\/types\/post"}],"author":[{"embeddable":true,"href":"https:\/\/www.diarioimagen.net\/index.php?rest_route=\/wp\/v2\/users\/5"}],"replies":[{"embeddable":true,"href":"https:\/\/www.diarioimagen.net\/index.php?rest_route=%2Fwp%2Fv2%2Fcomments&post=210579"}],"version-history":[{"count":0,"href":"https:\/\/www.diarioimagen.net\/index.php?rest_route=\/wp\/v2\/posts\/210579\/revisions"}],"wp:featuredmedia":[{"embeddable":true,"href":"https:\/\/www.diarioimagen.net\/index.php?rest_route=\/wp\/v2\/media\/210580"}],"wp:attachment":[{"href":"https:\/\/www.diarioimagen.net\/index.php?rest_route=%2Fwp%2Fv2%2Fmedia&parent=210579"}],"wp:term":[{"taxonomy":"category","embeddable":true,"href":"https:\/\/www.diarioimagen.net\/index.php?rest_route=%2Fwp%2Fv2%2Fcategories&post=210579"},{"taxonomy":"post_tag","embeddable":true,"href":"https:\/\/www.diarioimagen.net\/index.php?rest_route=%2Fwp%2Fv2%2Ftags&post=210579"}],"curies":[{"name":"wp","href":"https:\/\/api.w.org\/{rel}","templated":true}]}}